{"id":142978,"date":"2022-03-11T23:18:03","date_gmt":"2022-03-12T04:18:03","guid":{"rendered":"https:\/\/linitiative.ca\/International\/lalphabetisation-au-coeur-des-marches-dabidjan\/"},"modified":"2022-03-11T23:18:03","modified_gmt":"2022-03-12T04:18:03","slug":"lalphabetisation-au-coeur-des-marches-dabidjan","status":"publish","type":"post","link":"https:\/\/linitiative.ca\/International\/lalphabetisation-au-coeur-des-marches-dabidjan\/","title":{"rendered":"L\u2019alphab\u00e9tisation au c\u0153ur des march\u00e9s d\u2019Abidjan"},"content":{"rendered":"<div>\n<p><img decoding=\"async\" width=\"800\" height=\"533\" src=\"https:\/\/linitiative.ca\/International\/wp-content\/uploads\/sites\/23\/2022\/03\/16470586837407.jpg\" class=\"attachment-post-thumbnail size-post-thumbnail wp-post-image\" alt=\"\" loading=\"lazy\" srcset=\"https:\/\/linitiative.ca\/International\/wp-content\/uploads\/sites\/23\/2022\/03\/16470586837407.jpg 800w, https:\/\/www.journalducameroun.com\/wp-content\/uploads\/2022\/03\/16470586837407-300x200.jpg 300w, https:\/\/www.journalducameroun.com\/wp-content\/uploads\/2022\/03\/16470586837407-768x512.jpg 768w, https:\/\/www.journalducameroun.com\/wp-content\/uploads\/2022\/03\/16470586837407-660x440.jpg 660w, https:\/\/www.journalducameroun.com\/wp-content\/uploads\/2022\/03\/16470586837407-600x400.jpg 600w\" sizes=\"auto, (max-width: 800px) 100vw, 800px\"><\/p>\n<p>Quelque 1500 femmes, op\u00e9rant dans la capitale \u00e9conomique ivoirienne, ont \u00e9t\u00e9 form\u00e9es dans le cadre d&rsquo;un programme mis en place par l&rsquo;Unesco et Nestl\u00e9 C\u00f4te d&rsquo;Ivoire.Dans le cadre de la Journ\u00e9e internationale des droits des femmes, c\u00e9l\u00e9br\u00e9e mardi dernier, Dr Yves Sagou, Coordonnateur des programmes d&rsquo;alphab\u00e9tisation au Bureau de l&rsquo;Organisation des nations unies pour l&rsquo;\u00e9ducation, la science et la culture (Unesco, sigle en anglais) \u00e0 Abidjan, a soutenu que \u00ab ce projet\u00a0(est d\u00e9roul\u00e9)\u00a0pour permettre \u00e0 toutes les femmes travaillant dans les march\u00e9s de b\u00e9n\u00e9ficier d&rsquo;une alphab\u00e9tisation fonctionnelle, en temps r\u00e9el, mais surtout bas\u00e9e sur les Technologies de l&rsquo;information et de la communication (Tic) \u00bb.<\/p>\n<p>Il s&rsquo;exprimait en marge d&rsquo;un panel sur le th\u00e8me \u00ab Briser les barri\u00e8res pour l&rsquo;autonomisation des femmes \u00bb tenu ce vendredi au sein de la fabrique de la filiale du groupe agroalimentaire de Yopougon Zone industrielle, dans l&rsquo;Ouest d&rsquo;Abidjan.<\/p>\n<p>Dans son propos, M. Sagou a inform\u00e9 que \u00ab des t\u00e9l\u00e9phones portables qui ont une application d\u00e9nomm\u00e9e Alphatic, permettant aux femmes d&rsquo;apprendre m\u00eame \u00e9tant dans les march\u00e9s \u00bb sont distribu\u00e9s aux cibles. Celles-ci, a-t-il ajout\u00e9, sont aid\u00e9es en cas de difficult\u00e9 par des formateurs.<\/p>\n<p>Les alphab\u00e9tiseurs disposent de deux heures par semaine en pr\u00e9sentiel pour rencontrer les femmes ayant besoin d&rsquo;assistance. Regroup\u00e9s en ONG (Gatic), ils ont re\u00e7u le prix international d&rsquo;alphab\u00e9tisation Conficius. C&rsquo;est la plus grande distinction dans ce domaine \u00e0 travers le monde.<\/p>\n<p>Ce programme d&rsquo;alphab\u00e9tisation par les Tic, initi\u00e9 par l&rsquo;Unesco et Nestl\u00e9 depuis 2017, a permis de former 1500 femmes dans les march\u00e9s d&rsquo;Abidjan. D&rsquo;apr\u00e8s Dr Yves Sagou, c&rsquo;est \u00ab un tr\u00e8s grand succ\u00e8s sur le plan international \u00bb.<\/p>\n<p>Au terme des apprentissages, les \u00e9valuations effectu\u00e9es par des experts externes ont montr\u00e9 que \u00ab les chiffres d&rsquo;affaires\u00a0des auditrices\u00a0ont augment\u00e9\u00a0parce qu&rsquo;elles savent\u00a0maintenant\u00a0lire et calculer \u00bb, s&rsquo;est r\u00e9joui le Coordonnateur des programmes d&rsquo;alphab\u00e9tisation au Bureau de l&rsquo;Unesco \u00e0 Abidjan.<\/p>\n<p>Le partenariat avec l&rsquo;organisme onusien, a d\u00e9clar\u00e9 Thomas Caso, le Directeur G\u00e9n\u00e9ral de Nestl\u00e9 C\u00f4te d&rsquo;Ivoire, vise \u00e0 \u00ab autonomiser davantage \u00bb ces femmes. La soci\u00e9t\u00e9 agroalimentaire travaille sur les march\u00e9s avec 20.000 femmes appel\u00e9es les \u201c Mamies \u201d. Selon lui, 85% d&rsquo;entre elles n&rsquo;ont jamais eu la chance d&rsquo;aller \u00e0 l&rsquo;\u00e9cole.<\/p>\n<p>Nestl\u00e9 C\u00f4te d&rsquo;Ivoire est convaincue que cette formation booste les activit\u00e9s commerciales de ces dames. Au niveau mondial, le groupe agroalimentaire dit agir pour aider les femmes \u00e0 briser le plafond de verre.<\/p>\n<p>\u00ab Ce ne sont pas\u00a0seulement\u00a0les hommes qui ont\u00a0du\u00a0talent.\u00a0M\u00eame chez\u00a0nous,\u00a0il faut\u00a0s&rsquo;assurer qu&rsquo;on fasse le maximum pour faciliter l&rsquo;acc\u00e8s des femmes au pouvoir \u00bb, a expliqu\u00e9 M. Caso.<\/p>\n<p>A la fabrique de Yapougon zone industrielle, Jo\u00eblle Abega est la directrice d&rsquo;usine. Elle est la premi\u00e8re femme \u00e0 occuper ce poste en Afrique de l&rsquo;Ouest et du Centre. Au sein de la filiale, des femmes g\u00e8rent \u00e9galement des portefeuilles importants.<\/p>\n<p>Florence Tanoh, responsable des questions de genre au minist\u00e8re ivoirien de la Femme, de la Famille et de l&rsquo;Enfant, a au cours du panel indiqu\u00e9 qu&rsquo;il existe encore dans son pays des obstacles \u00e0 la promotion des femmes.<\/p>\n<p>\u00ab Quand on\u00a0interdit\u00a0\u00e0 une femme d&rsquo;aller en mission, c&rsquo;est une barri\u00e8re \u00bb, a-t-elle fait observer, non sans appeller les dirigeants d&rsquo;entreprises \u00e0 donner \u00e0 cette frange de la population l&rsquo;opportunit\u00e9 de se former et de performer.<\/p>\n<p>La filiale du g\u00e9ant agroalimentaire suisse finance ce programme \u00e0 travers sa marque Maggi. Le ministre de l&rsquo;\u00c9ducation et l&rsquo;Alphab\u00e9tisation, Mariatou Kon\u00e9, a lanc\u00e9 en septembre 2021 \u00e0 Abidjan la phase 4 du projet d&rsquo;alphab\u00e9tisation fonctionnelle par les Tic visant 400 commer\u00e7antes.<\/p>\n<p>Cet article <a rel=\"nofollow\" href=\"https:\/\/www.journalducameroun.com\/lalphabetisation-au-coeur-des-marches-dabidjan\/\">L\u2019alphab\u00e9tisation au c\u0153ur des march\u00e9s d\u2019Abidjan<\/a> est apparu en premier sur <a rel=\"nofollow\" href=\"https:\/\/www.journalducameroun.com\/\">Journal du Cameroun<\/a>.<\/p>\n<\/div>\n<p>Auteur: APA News<br \/>\n<a href=\"https:\/\/www.journalducameroun.com\/lalphabetisation-au-coeur-des-marches-dabidjan\/\">Cliquez ici pour lire l&rsquo;article depuis sa source.<\/a><\/p>\n","protected":false},"excerpt":{"rendered":"<p>Quelque 1500 femmes, op\u00e9rant dans la capitale \u00e9conomique ivoirienne, ont \u00e9t\u00e9 form\u00e9es dans le cadre d&rsquo;un programme mis en place par l&rsquo;Unesco et Nestl\u00e9 C\u00f4te d&rsquo;Ivoire.Dans le cadre de la Journ\u00e9e internationale des droits des femmes, c\u00e9l\u00e9br\u00e9e mardi dernier, Dr Yves Sagou, Coordonnateur des programmes d&rsquo;alphab\u00e9tisation au Bureau de l&rsquo;Organisation des nations unies pour l&rsquo;\u00e9ducation, [&hellip;]<\/p>\n","protected":false},"author":1965,"featured_media":0,"comment_status":"closed","ping_status":"closed","sticky":false,"template":"","format":"standard","meta":{"fifu_image_url":"https:\/\/www.journalducameroun.com\/wp-content\/uploads\/2022\/03\/16470586837407.jpg","fifu_image_alt":"L\u2019alphab\u00e9tisation au c\u0153ur des march\u00e9s d\u2019Abidjan","footnotes":""},"categories":[73,82],"tags":[],"class_list":["post-142978","post","type-post","status-publish","format-standard","hentry","category-actualite","category-cameroun"],"_links":{"self":[{"href":"https:\/\/linitiative.ca\/International\/wp-json\/wp\/v2\/posts\/142978","targetHints":{"allow":["GET"]}}],"collection":[{"href":"https:\/\/linitiative.ca\/International\/wp-json\/wp\/v2\/posts"}],"about":[{"href":"https:\/\/linitiative.ca\/International\/wp-json\/wp\/v2\/types\/post"}],"author":[{"embeddable":true,"href":"https:\/\/linitiative.ca\/International\/wp-json\/wp\/v2\/users\/1965"}],"replies":[{"embeddable":true,"href":"https:\/\/linitiative.ca\/International\/wp-json\/wp\/v2\/comments?post=142978"}],"version-history":[{"count":0,"href":"https:\/\/linitiative.ca\/International\/wp-json\/wp\/v2\/posts\/142978\/revisions"}],"wp:attachment":[{"href":"https:\/\/linitiative.ca\/International\/wp-json\/wp\/v2\/media?parent=142978"}],"wp:term":[{"taxonomy":"category","embeddable":true,"href":"https:\/\/linitiative.ca\/International\/wp-json\/wp\/v2\/categories?post=142978"},{"taxonomy":"post_tag","embeddable":true,"href":"https:\/\/linitiative.ca\/International\/wp-json\/wp\/v2\/tags?post=142978"}],"curies":[{"name":"wp","href":"https:\/\/api.w.org\/{rel}","templated":true}]}}