{"id":14298,"date":"2019-02-14T14:57:45","date_gmt":"2019-02-14T19:57:45","guid":{"rendered":"https:\/\/linitiative.ca\/International\/gestion-des-carrieres-des-magistrats-le-csm-se-donne-les-moyens-dassurer-la-releve\/"},"modified":"2019-02-14T14:57:45","modified_gmt":"2019-02-14T19:57:45","slug":"gestion-des-carrieres-des-magistrats-le-csm-se-donne-les-moyens-dassurer-la-releve","status":"publish","type":"post","link":"https:\/\/linitiative.ca\/International\/gestion-des-carrieres-des-magistrats-le-csm-se-donne-les-moyens-dassurer-la-releve\/","title":{"rendered":"Gestion des carri\u00e8res des magistrats  : le CSM se donne les moyens d\u2019assurer la rel\u00e8ve"},"content":{"rendered":"<div class=\"td-post-featured-image\"><a href=\"https:\/\/i2.wp.com\/www.sidwaya.info\/wp-content\/uploads\/2019\/02\/1-16.jpg?fit=787%2C625&#038;ssl=1\" data-caption=\"\"><img loading=\"lazy\" decoding=\"async\" width=\"696\" height=\"553\" class=\"entry-thumb td-modal-image\" src=\"https:\/\/i2.wp.com\/www.sidwaya.info\/wp-content\/uploads\/2019\/02\/1-16.jpg?resize=696%2C553&#038;ssl=1\" srcset=\"https:\/\/i2.wp.com\/www.sidwaya.info\/wp-content\/uploads\/2019\/02\/1-16.jpg?w=787&#038;ssl=1 787w, https:\/\/i2.wp.com\/www.sidwaya.info\/wp-content\/uploads\/2019\/02\/1-16.jpg?resize=300%2C238&#038;ssl=1 300w, https:\/\/i2.wp.com\/www.sidwaya.info\/wp-content\/uploads\/2019\/02\/1-16.jpg?resize=768%2C610&#038;ssl=1 768w, https:\/\/i2.wp.com\/www.sidwaya.info\/wp-content\/uploads\/2019\/02\/1-16.jpg?resize=696%2C553&#038;ssl=1 696w, https:\/\/i2.wp.com\/www.sidwaya.info\/wp-content\/uploads\/2019\/02\/1-16.jpg?resize=529%2C420&#038;ssl=1 529w\" sizes=\"auto, (max-width: 696px) 100vw, 696px\" alt=\"\" title=\"1\"\/><\/a><\/div>\n<p><strong>Le Programme d\u2019appui \u00e0 la politique nationale de justice, a organis\u00e9 un atelier de validation d\u2019une \u00e9tude sur la modernisation de la gestion des carri\u00e8res des magistrats, le jeudi 14 f\u00e9vrier 2019 \u00e0 Ouagadougou.<\/strong><\/p>\n<p>Les r\u00e9formes op\u00e9r\u00e9es sous la Transition politique en 2015 ont consacr\u00e9 l\u2019ind\u00e9pendance du pouvoir judiciaire. A pr\u00e9sent, le Conseil sup\u00e9rieur de la magistrature (CSM), d\u00e9sormais autonome, se donne les moyens d\u2019assurer ses missions dans leur<br \/>pl\u00e9nitude.<\/p>\n<p>A ce titre, l\u2019instance de d\u00e9cision des magistrats, b\u00e9n\u00e9ficie de l\u2019appui du Programme d\u2019appui \u00e0 la Politique nationale de justice (PA-PNJ), entre autres, dans le processus de modernisation de la gestion des carri\u00e8res des magistrats. Une \u00e9tude a donc \u00e9t\u00e9 commandit\u00e9e pour proposer un sch\u00e9ma de transfert de cette gestion de la Direction des ressources humaines (DRH) du minist\u00e8re de la justice au Secr\u00e9tariat permanent du Conseil sup\u00e9rieur de la magistrature (SP\/CSM). La validation du premier jet de cette \u00e9tude a eu lieu le jeudi 14 f\u00e9vrier 2019 \u00e0 Ouagadougou. A cette occasion, Pr El Hadj M\u2019bodj, assistant technique au PA-PNJ a rappel\u00e9 l\u2019importance de ce processus. \u00abLe Burkina Faso est le seul pays d\u2019Afrique, en tout cas de l\u2019espace ouest-africain, \u00e0 d\u00e9connecter le Conseil sup\u00e9rieur de la magistrature du pouvoir ex\u00e9cutif\u00bb, a soutenu le professeur d\u2019universit\u00e9 s\u00e9n\u00e9galais. Il revient donc au secr\u00e9tariat permanent du CSM, de g\u00e9rer directement la carri\u00e8re des magistrats, a-t-il d\u00e9duit.<\/p>\n<p>Ce qui n\u00e9cessite, a poursuivi Pr M\u2019bodj, le transfert de cette gestion, de la DRH du minist\u00e8re de la justice vers le CSM. L\u2019instance doit donc n\u00e9cessairement \u00eatre outill\u00e9e, a-t-il relev\u00e9, dans la mesure o\u00f9 \u00abla gestion de la carri\u00e8re est une activit\u00e9 d\u00e9licate qui requiert beaucoup de moyens financiers, intellectuels, humains qui ne sont pas pour le moment \u00e0 la disposition du CSM\u00bb. D\u2019o\u00f9 l\u2019intervention du PA-PNJ pour renforcer les capacit\u00e9s du CSM. \u00abLe PA-PNJ s\u2019inscrit dans le cadre de la mise en \u0153uvre de la politique nationale de justice pour appuyer le CSM dans la codification des textes, la diffusion de l\u2019information juridique, la d\u00e9finition de la politique p\u00e9nale et l\u2019informatisation de l\u2019appareil judiciaire\u00bb, a-t-il pr\u00e9cis\u00e9.<\/p>\n<p><strong>Environ 559 magistrats enregistr\u00e9s en 2017<\/strong><\/p>\n<p>A l\u2019en croire, une fois l\u2019\u00e9tude valid\u00e9e, le transfert sera progressif, en accord avec les diff\u00e9rentes structures intervenant dans la gestion de la carri\u00e8re des magistrats telles que les directions techniques des minist\u00e8res en charge de la fonction publique, des finances et de la justice.<\/p>\n<p>L\u2019\u00e9tude a \u00e9t\u00e9 r\u00e9alis\u00e9e par deux experts, fran\u00e7ais et s\u00e9n\u00e9galais. Suivant le consultant international Abdou Karim Lo, l\u2019un des deux experts qui ont r\u00e9alis\u00e9 l\u2019\u00e9tude (en un mois), la m\u00e9thodologie d\u2019\u00e9tude a consist\u00e9, dans un premier temps, en une analyse documentaire des textes l\u00e9gislatifs et r\u00e9glementaires en lien avec la carri\u00e8re des magistrats et le CSM.<br \/>Les experts ont ensuite \u00e9tabli l\u2019\u00e9tat des lieux de la gestion des carri\u00e8res sur la base d\u2019entretiens qu\u2019ils ont eus avec les diff\u00e9rents acteurs impliqu\u00e9s dans la gestion des carri\u00e8res des quelque 559 magistrats burkinab\u00e8, selon des chiffres de 2017. Une approche inclusive qui a permis de produire le draft soumis ce jour \u00e0 appr\u00e9ciation.<\/p>\n<p>A l\u2019ouverture des travaux, le premier pr\u00e9sident du Conseil d\u2019Etat, Souleymane Coulibaly, par ailleurs vice-pr\u00e9sident du CSM a souhait\u00e9 que la quarantaine de participants \u00e0 l\u2019atelier de validation fasse des propositions pertinentes pour am\u00e9liorer le projet d\u2019\u00e9tude en vue d\u2019un document efficient \u00e0 terme.<\/p>\n<p class=\"c1\"><strong>Fab\u00e9 Mamadou OUATTARA<\/strong><\/p>\n<div class=\"td-a-rec td-a-rec-id-content_bottom td_uid_21_5c65ef3a487aa_rand td_block_template_1\"><img loading=\"lazy\" decoding=\"async\" class=\"alignright size-full wp-image-1724\" src=\"https:\/\/www.sidwaya.info\/wp-content\/uploads\/2018\/12\/sidwaya-pub.jpg\" alt=\"\" width=\"720\" height=\"90\"\/><\/div>\n<p>Auteur: DD. Sidwaya<br \/>\n<a href=\"https:\/\/www.sidwaya.info\/blog\/2019\/02\/14\/gestion-des-carrieres-des-magistrats-le-csm-se-donne-les-moyens-dassurer-la-releve\/\">Cliquez ici pour lire l&rsquo;article depuis sa source.<\/a><\/p>\n","protected":false},"excerpt":{"rendered":"<p>Le Programme d\u2019appui \u00e0 la politique nationale de justice, a organis\u00e9 un atelier de validation d\u2019une \u00e9tude sur la modernisation de la gestion des carri\u00e8res des magistrats, le jeudi 14 f\u00e9vrier 2019 \u00e0 Ouagadougou. Les r\u00e9formes op\u00e9r\u00e9es sous la Transition politique en 2015 ont consacr\u00e9 l\u2019ind\u00e9pendance du pouvoir judiciaire. A pr\u00e9sent, le Conseil sup\u00e9rieur de [&hellip;]<\/p>\n","protected":false},"author":1816,"featured_media":0,"comment_status":"closed","ping_status":"closed","sticky":false,"template":"","format":"standard","meta":{"fifu_image_url":"","fifu_image_alt":"","footnotes":""},"categories":[73,81],"tags":[],"class_list":["post-14298","post","type-post","status-publish","format-standard","hentry","category-actualite","category-burkina-faso"],"_links":{"self":[{"href":"https:\/\/linitiative.ca\/International\/wp-json\/wp\/v2\/posts\/14298","targetHints":{"allow":["GET"]}}],"collection":[{"href":"https:\/\/linitiative.ca\/International\/wp-json\/wp\/v2\/posts"}],"about":[{"href":"https:\/\/linitiative.ca\/International\/wp-json\/wp\/v2\/types\/post"}],"author":[{"embeddable":true,"href":"https:\/\/linitiative.ca\/International\/wp-json\/wp\/v2\/users\/1816"}],"replies":[{"embeddable":true,"href":"https:\/\/linitiative.ca\/International\/wp-json\/wp\/v2\/comments?post=14298"}],"version-history":[{"count":0,"href":"https:\/\/linitiative.ca\/International\/wp-json\/wp\/v2\/posts\/14298\/revisions"}],"wp:attachment":[{"href":"https:\/\/linitiative.ca\/International\/wp-json\/wp\/v2\/media?parent=14298"}],"wp:term":[{"taxonomy":"category","embeddable":true,"href":"https:\/\/linitiative.ca\/International\/wp-json\/wp\/v2\/categories?post=14298"},{"taxonomy":"post_tag","embeddable":true,"href":"https:\/\/linitiative.ca\/International\/wp-json\/wp\/v2\/tags?post=14298"}],"curies":[{"name":"wp","href":"https:\/\/api.w.org\/{rel}","templated":true}]}}