{"id":142980,"date":"2022-03-12T08:18:03","date_gmt":"2022-03-12T13:18:03","guid":{"rendered":"https:\/\/linitiative.ca\/International\/lheure-a-sonne-pour-le-secteur-prive-senegalais-patronat\/"},"modified":"2022-03-12T08:18:03","modified_gmt":"2022-03-12T13:18:03","slug":"lheure-a-sonne-pour-le-secteur-prive-senegalais-patronat","status":"publish","type":"post","link":"https:\/\/linitiative.ca\/International\/lheure-a-sonne-pour-le-secteur-prive-senegalais-patronat\/","title":{"rendered":"L\u2019heure a sonn\u00e9 pour le secteur priv\u00e9 s\u00e9n\u00e9galais (patronat)"},"content":{"rendered":"<div>\n<p><img decoding=\"async\" width=\"647\" height=\"701\" src=\"https:\/\/linitiative.ca\/International\/wp-content\/uploads\/sites\/23\/2022\/03\/16470910831138.jpg\" class=\"attachment-post-thumbnail size-post-thumbnail wp-post-image\" alt=\"\" loading=\"lazy\" srcset=\"https:\/\/linitiative.ca\/International\/wp-content\/uploads\/sites\/23\/2022\/03\/16470910831138.jpg 647w, https:\/\/www.journalducameroun.com\/wp-content\/uploads\/2022\/03\/16470910831138-277x300.jpg 277w, https:\/\/www.journalducameroun.com\/wp-content\/uploads\/2022\/03\/16470910831138-406x440.jpg 406w, https:\/\/www.journalducameroun.com\/wp-content\/uploads\/2022\/03\/16470910831138-600x650.jpg 600w\" sizes=\"auto, (max-width: 647px) 100vw, 647px\"><\/p>\n<p>Le Meds se f\u00e9licite des belles perspectives \u00e9conomiques pour le secteur priv\u00e9 national.Les grands projets lanc\u00e9s par le gouvernement du S\u00e9n\u00e9gal donnent espoir au secteur priv\u00e9 local. Cela fait dire \u00e0 Mbagnick Diop, pr\u00e9sident du Mouvement des entreprises du S\u00e9n\u00e9gal (Meds) que \u00ab\u00a0heure a sonn\u00e9 pour le secteur priv\u00e9\u00a0\u00bb national.<\/p>\n<p>\u00ab\u00a0(&#8230;) apr\u00e8s avoir longtemps men\u00e9 la bataille pour un plus fort ancrage des entreprises nationales dans l&rsquo;\u00e9conomie, et particuli\u00e8rement sur les grands projets de l&rsquo;Etat, s&rsquo;ouvrent aujourd&rsquo;hui de nouvelles voies de d\u00e9veloppement autour de grands projets et r\u00e9formes en cours au plan national\u00a0\u00bb, a dit Mbagnick Diop \u00e0 l&rsquo;ouverture, ce samedi 12 mars \u00e0 Dakar, de la 22e session de l&rsquo;Assembl\u00e9e g\u00e9n\u00e9rale du Meds.<\/p>\n<p>Dans son discours dont APA a obtenu copie, il a soulign\u00e9 que la R\u00e9forme du Code des investissements en cours devra donner une place pr\u00e9pond\u00e9rante \u00e0 tout acteur \u00e9conomique local d\u00e9sireux de s&rsquo;engager pour la bataille \u00e9conomique du S\u00e9n\u00e9gal.<\/p>\n<p>\u00a0\u00ab\u00a0Aussi, dans l&rsquo;exploitation de nos ressources p\u00e9troli\u00e8res et gazi\u00e8res, l&rsquo;Etat du S\u00e9n\u00e9gal entend promouvoir l&rsquo;utilisation des biens et des services nationaux ainsi que le d\u00e9veloppement de la participation de la main d&rsquo;\u0153uvre locale, des technologies et des capitaux locaux, dans toute la cha\u00eene de valeur de cette industrie en mettant en place un Comit\u00e9 National de Suivi du Contenu Local (CNSCL) qui a pour mission de coordonner et superviser l&rsquo;\u00e9laboration du document de strat\u00e9gie de contenu local et de veiller \u00e0 la mise en \u0153uvre de la strat\u00e9gie de d\u00e9veloppement du contenu local, avec pour objectif d&rsquo;atteindre 50% de contenu local \u00e0 l&rsquo;horizon 2030\u00a0\u00bb, a poursuivi Mbagnick Diop.<\/p>\n<p>Il a soutenu que sur un champ plus large, l&rsquo;Etat en partenariat avec le secteur priv\u00e9 s\u00e9n\u00e9galais mettra en place une nouvelle feuille de route \u00e0 travers un document sur la nouvelle strat\u00e9gie de d\u00e9veloppement du secteur priv\u00e9 qui prendra en charge toutes les probl\u00e9matiques de l&rsquo;heure exprim\u00e9es par les chefs d&rsquo;entreprise. \u00a0\u00a0<\/p>\n<p>Partant de l\u00e0, le pr\u00e9sident du Mouvement des entreprises du S\u00e9n\u00e9gal (Meds) a promis d&rsquo;associer \u00ab\u00a0l&rsquo;Etat \u00e0 tous nos projets de construction de l&rsquo;entreprise nationale \u00e0 travers nos publications et les rencontres d&rsquo;\u00e9changes qui seront organis\u00e9es tr\u00e8s prochainement\u00a0\u00bb.<\/p>\n<p>Selon Innocence Ntap Ndiaye, pr\u00e9sidente du Haut conseil du dialogue social \u00a0(HCDS), le Meds s&rsquo;illustre \u00e0 longueur d&rsquo;ann\u00e9es par des initiatives hardies en faveur d&rsquo;un d\u00e9gel de l&rsquo;environnement devant permettre aux op\u00e9rateurs d&rsquo;agir avec s\u00e9r\u00e9nit\u00e9 dans le respect des lois afin d&rsquo;assurer une croissance inclusive gage d&rsquo;une reprise, voire d&rsquo;une embellie, dans la dur\u00e9e.\u00a0<\/p>\n<p>\u00ab\u00a0Au-del\u00e0 de la symbolique, piloter une entreprise n&rsquo;est pas une sin\u00e9cure. Loin de l\u00e0. Aux questions de fond que charrie la gestion s&rsquo;ajoute la raret\u00e9 d&rsquo;une solidarit\u00e9 que le Meds \u00e9rige en vertu cardinale et cultive dans les rapports entre membres pour r\u00e9sister aux assauts d&rsquo;une conjoncture pas toujours souriante\u00a0\u00bb, a-t-elle dit en ouvrant l&rsquo;Assembl\u00e9e g\u00e9n\u00e9rale du Meds.<\/p>\n<p>Cet article <a rel=\"nofollow\" href=\"https:\/\/www.journalducameroun.com\/lheure-a-sonne-pour-le-secteur-prive-senegalais-patronat\/\">L\u2019heure a sonn\u00e9 pour le secteur priv\u00e9 s\u00e9n\u00e9galais (patronat)<\/a> est apparu en premier sur <a rel=\"nofollow\" href=\"https:\/\/www.journalducameroun.com\/\">Journal du Cameroun<\/a>.<\/p>\n<\/div>\n<p>Auteur: APA News<br \/>\n<a href=\"https:\/\/www.journalducameroun.com\/lheure-a-sonne-pour-le-secteur-prive-senegalais-patronat\/\">Cliquez ici pour lire l&rsquo;article depuis sa source.<\/a><\/p>\n","protected":false},"excerpt":{"rendered":"<p>Le Meds se f\u00e9licite des belles perspectives \u00e9conomiques pour le secteur priv\u00e9 national.Les grands projets lanc\u00e9s par le gouvernement du S\u00e9n\u00e9gal donnent espoir au secteur priv\u00e9 local. Cela fait dire \u00e0 Mbagnick Diop, pr\u00e9sident du Mouvement des entreprises du S\u00e9n\u00e9gal (Meds) que \u00ab\u00a0heure a sonn\u00e9 pour le secteur priv\u00e9\u00a0\u00bb national. \u00ab\u00a0(&#8230;) apr\u00e8s avoir longtemps men\u00e9 [&hellip;]<\/p>\n","protected":false},"author":1965,"featured_media":0,"comment_status":"closed","ping_status":"closed","sticky":false,"template":"","format":"standard","meta":{"fifu_image_url":"https:\/\/www.journalducameroun.com\/wp-content\/uploads\/2022\/03\/16470910831138.jpg","fifu_image_alt":"L\u2019heure a sonn\u00e9 pour le secteur priv\u00e9 s\u00e9n\u00e9galais (patronat)","footnotes":""},"categories":[73,82],"tags":[],"class_list":["post-142980","post","type-post","status-publish","format-standard","hentry","category-actualite","category-cameroun"],"_links":{"self":[{"href":"https:\/\/linitiative.ca\/International\/wp-json\/wp\/v2\/posts\/142980","targetHints":{"allow":["GET"]}}],"collection":[{"href":"https:\/\/linitiative.ca\/International\/wp-json\/wp\/v2\/posts"}],"about":[{"href":"https:\/\/linitiative.ca\/International\/wp-json\/wp\/v2\/types\/post"}],"author":[{"embeddable":true,"href":"https:\/\/linitiative.ca\/International\/wp-json\/wp\/v2\/users\/1965"}],"replies":[{"embeddable":true,"href":"https:\/\/linitiative.ca\/International\/wp-json\/wp\/v2\/comments?post=142980"}],"version-history":[{"count":0,"href":"https:\/\/linitiative.ca\/International\/wp-json\/wp\/v2\/posts\/142980\/revisions"}],"wp:attachment":[{"href":"https:\/\/linitiative.ca\/International\/wp-json\/wp\/v2\/media?parent=142980"}],"wp:term":[{"taxonomy":"category","embeddable":true,"href":"https:\/\/linitiative.ca\/International\/wp-json\/wp\/v2\/categories?post=142980"},{"taxonomy":"post_tag","embeddable":true,"href":"https:\/\/linitiative.ca\/International\/wp-json\/wp\/v2\/tags?post=142980"}],"curies":[{"name":"wp","href":"https:\/\/api.w.org\/{rel}","templated":true}]}}