{"id":142984,"date":"2022-03-12T07:37:50","date_gmt":"2022-03-12T12:37:50","guid":{"rendered":"https:\/\/linitiative.ca\/International\/letat-lance-une-operation-de-comptabilisation-des-actes-detats-civils\/"},"modified":"2022-03-12T07:37:50","modified_gmt":"2022-03-12T12:37:50","slug":"letat-lance-une-operation-de-comptabilisation-des-actes-detats-civils","status":"publish","type":"post","link":"https:\/\/linitiative.ca\/International\/letat-lance-une-operation-de-comptabilisation-des-actes-detats-civils\/","title":{"rendered":"L\u2019Etat lance une op\u00e9ration de comptabilisation des actes d\u2019\u00e9tats civils"},"content":{"rendered":"<div>\n<p>Le 10 mars 2022, \u00e0 l\u2019h\u00f4tel de ville de Yaound\u00e9, le ministre de la D\u00e9centralisation et du D\u00e9veloppement Local (Minddevel) Georges Elanga Obam a pr\u00e9sid\u00e9 la c\u00e9r\u00e9monie officielle de lancement de l\u2019op\u00e9ration de comptabilisation des actes d\u2019\u00e9tat civil existants depuis 1960 \u00e0 2020. Ladite op\u00e9ration ambitionne de participer \u00e0 la reforme et \u00e0 la modernisation du syst\u00e8me national de l\u2019\u00e9tat civil, \u00e0 travers la collecte, l\u2019indexation et la num\u00e9risation de ces documents. \u00a0\u00ab\u00a0Chaque individu a droit \u00e0 un acte de naissance, un acte de d\u00e9c\u00e8s et (si possible) un acte de mariage. Les deux premiers sont \u00e9tablis sans l\u2019avis de l\u2019individu tandis que le troisi\u00e8me est \u00e9tabli \u00e0 la demande de l\u2019int\u00e9ress\u00e9(e). Ces trois actes constituent les faits d\u2019\u00e9tat civil. Ils doivent \u00eatre d\u00e9clar\u00e9s et enregistr\u00e9s. Ils donnent ainsi lieu \u00e0 la d\u00e9livrance d\u2019un document officiel\u00a0\u00bb, renseigne-t-on \u00a0au minist\u00e8re de la D\u00e9centralisation et du D\u00e9veloppement Local.<\/p>\n<p><strong>Lire aussi<\/strong> : <strong><a href=\"https:\/\/ecomatin.net\/lallemagne-injecte-26-milliardss-dans-le-programme-dappui-a-la-modernisation-de-letat-civil\/\">L\u2019Allemagne injecte 2,6 milliards dans le Programme d\u2019appui \u00e0 la modernisation de l\u2019Etat Civil<\/a><\/strong><\/p>\n<p>Selon les explications de ce d\u00e9partement minist\u00e9riel, le processus de num\u00e9risation vise \u00e0 proposer une strat\u00e9gie de conversation de tous les actes disponibles dans les registres d\u2019\u00e9tat civil du Cameroun en donn\u00e9es num\u00e9riques susceptibles d\u2019\u00eatre trait\u00e9es par des dispositifs. Pour le cas de l\u2019indexation, elle va proposer un syst\u00e8me de repr\u00e9sentation\u00a0\u00a0de chaque acte d\u2019\u00e9tat civil ainsi num\u00e9ris\u00e9, par un indice ou un mot cl\u00e9 avec\u00a0 l\u2019aide ou non d\u2019un langage documentaire, en vue d\u2019en faciliter le rep\u00e9rage et la consultation.<\/p>\n<p><strong>Lire aussi<\/strong> : <strong><a href=\"https:\/\/ecomatin.net\/acte-detat-civil-les-deputes-envisagent-de-nouvelles-mesures\/\">Acte d\u2019\u00e9tat civil : les d\u00e9put\u00e9s envisagent de nouvelles mesures<\/a><\/strong><\/p>\n<p>A date, le syst\u00e8me camerounais de l\u2019\u00e9tat civil reste manuel, une situation qui ne permet pas \u00a0\u00e0 l\u2019Etat de produire des statistiques fiables, un outil essentiel \u00e0 la planification et \u00e0 la mise sur pied des politiques publiques. Pour pallier \u00e0 ce probl\u00e8me, il est envisag\u00e9 \u00e0 travers cette op\u00e9ration, \u00ab\u00a0une gestion informatis\u00e9e de l\u2019\u00e9tat civil avec, \u00a0avec \u00a0reprise d\u2019ant\u00e9riorit\u00e9 des actes d\u2019\u00e9tat civil orient\u00e9e vers la num\u00e9risation et la saisie des donn\u00e9es d\u2019identification des actes d\u2019\u00e9tat civil\u00bb, rel\u00e8ve Alexandre Marie Yomo directeur g\u00e9n\u00e9ral du Bureau national de\u00a0 l\u2019\u00e9tat civil, dans une interview accord\u00e9e \u00e0 nos conf\u00e8res de Cameroon Tribune.<\/p>\n<p><strong>Lire aussi<\/strong> : <strong><a href=\"https:\/\/ecomatin.net\/le-bunec-envisage-la-numerisation-des-archives-des-actes-detat-civil\/\">Le Bunec envisage la num\u00e9risation des archives des actes d\u2019\u00c9tat civil<\/a><\/strong><\/p>\n<p>Dans son projet de modernisation des actes civil, le Cameroun b\u00e9n\u00e9ficie de l\u2019appui technique et financier\u00a0 de la R\u00e9publique f\u00e9d\u00e9rale d\u2019Allemagne. En octobre 2021, \u00a0dans le cadre du Programme d\u2019Appui \u00e0 la Modernisation de l\u2019Etat Civil (Pamec), l\u2019Allemagne a inject\u00e9 2,6 milliards de FCFA, qui devraient servir au\u00a0renforcement des capacit\u00e9s de tous les acteurs concern\u00e9s \u00e0 travers la formation continue, la num\u00e9risation des enregistrements d\u2019\u00e9v\u00e9nements importants tels que les naissances, les mariages et les d\u00e9c\u00e8s et l\u2019am\u00e9lioration \u00e0 l\u2019acc\u00e8s aux services li\u00e9s aux donn\u00e9es ainsi sauvegard\u00e9es.\u00a0<\/p>\n<p>L\u2019article <a rel=\"nofollow\" href=\"https:\/\/ecomatin.net\/letat-lance-une-operation-de-comptabilisation-des-actes-detats-civils\/\">L\u2019Etat lance une op\u00e9ration de comptabilisation des actes d\u2019\u00e9tats civils<\/a> est apparu en premier sur <a rel=\"nofollow\" href=\"https:\/\/ecomatin.net\/\">EcoMatin<\/a>.<\/p>\n<\/div>\n<p>Auteur: Amina MALLOUM<br \/>\n<a href=\"https:\/\/ecomatin.net\/letat-lance-une-operation-de-comptabilisation-des-actes-detats-civils\/\">Cliquez ici pour lire l&rsquo;article depuis sa source.<\/a><\/p>\n","protected":false},"excerpt":{"rendered":"<p>Le 10 mars 2022, \u00e0 l\u2019h\u00f4tel de ville de Yaound\u00e9, le ministre de la D\u00e9centralisation et du D\u00e9veloppement Local (Minddevel) Georges Elanga Obam a pr\u00e9sid\u00e9 la c\u00e9r\u00e9monie officielle de lancement de l\u2019op\u00e9ration de comptabilisation des actes d\u2019\u00e9tat civil existants depuis 1960 \u00e0 2020. Ladite op\u00e9ration ambitionne de participer \u00e0 la reforme et \u00e0 la modernisation [&hellip;]<\/p>\n","protected":false},"author":1969,"featured_media":0,"comment_status":"closed","ping_status":"closed","sticky":false,"template":"","format":"standard","meta":{"fifu_image_url":"","fifu_image_alt":"","footnotes":""},"categories":[82,78],"tags":[],"class_list":["post-142984","post","type-post","status-publish","format-standard","hentry","category-cameroun","category-economie"],"_links":{"self":[{"href":"https:\/\/linitiative.ca\/International\/wp-json\/wp\/v2\/posts\/142984","targetHints":{"allow":["GET"]}}],"collection":[{"href":"https:\/\/linitiative.ca\/International\/wp-json\/wp\/v2\/posts"}],"about":[{"href":"https:\/\/linitiative.ca\/International\/wp-json\/wp\/v2\/types\/post"}],"author":[{"embeddable":true,"href":"https:\/\/linitiative.ca\/International\/wp-json\/wp\/v2\/users\/1969"}],"replies":[{"embeddable":true,"href":"https:\/\/linitiative.ca\/International\/wp-json\/wp\/v2\/comments?post=142984"}],"version-history":[{"count":0,"href":"https:\/\/linitiative.ca\/International\/wp-json\/wp\/v2\/posts\/142984\/revisions"}],"wp:attachment":[{"href":"https:\/\/linitiative.ca\/International\/wp-json\/wp\/v2\/media?parent=142984"}],"wp:term":[{"taxonomy":"category","embeddable":true,"href":"https:\/\/linitiative.ca\/International\/wp-json\/wp\/v2\/categories?post=142984"},{"taxonomy":"post_tag","embeddable":true,"href":"https:\/\/linitiative.ca\/International\/wp-json\/wp\/v2\/tags?post=142984"}],"curies":[{"name":"wp","href":"https:\/\/api.w.org\/{rel}","templated":true}]}}