{"id":142985,"date":"2022-03-12T08:01:25","date_gmt":"2022-03-12T13:01:25","guid":{"rendered":"https:\/\/linitiative.ca\/International\/perspectives-la-fusion-sodecoton-cicam-une-option-de-relance-de-la-filiere-coton-textile\/"},"modified":"2022-03-12T08:01:25","modified_gmt":"2022-03-12T13:01:25","slug":"perspectives-la-fusion-sodecoton-cicam-une-option-de-relance-de-la-filiere-coton-textile","status":"publish","type":"post","link":"https:\/\/linitiative.ca\/International\/perspectives-la-fusion-sodecoton-cicam-une-option-de-relance-de-la-filiere-coton-textile\/","title":{"rendered":"Perspectives\u00a0: la fusion Sodecoton-Cicam, une option de relance de la fili\u00e8re coton-textile"},"content":{"rendered":"<div>\n<p>Dans le document de Strat\u00e9gie nationale de d\u00e9veloppement (SND-30), la fili\u00e8re coton-textile-confection est identifi\u00e9e comme une fili\u00e8re porteuse de l\u2019\u00e9conomie camerounaise, dot\u00e9e d\u2019un fort potentiel de cr\u00e9ation d\u2019emplois, et est consid\u00e9r\u00e9e comme une composante importante du socle sur lequel repose le processus de transformation structurelle de l\u2019\u00e9conomie camerounaise. Et pourtant, elle ne pr\u00e9sente pas de statistiques reluisantes et se meurt depuis de nombreuses ann\u00e9es. Selon une note d\u2019analyse prospective du minist\u00e8re de l\u2019Economie, du Plan et de l\u2019Am\u00e9nagement du territoire (Minepat), sur les trajectoires de la fili\u00e8re coton-textile-confection dans la dynamique de transformation structurelle de l\u2019\u00e9conomie camerounaise, cette fili\u00e8re dans son ensemble n\u2019a contribu\u00e9 qu\u2019\u00e0 hauteur de 2% au PIB sur la p\u00e9riode 2005-2018.<\/p>\n<p><strong>Lire aussi<\/strong> : <strong><a href=\"https:\/\/ecomatin.net\/faillite-la-cicam-en-situation-de-mort-t-cerebrale\/\">Faillite\u00a0: la Cicam en situation de\u00a0mort c\u00e9r\u00e9brale<\/a><\/strong><\/p>\n<p>Dans le d\u00e9tail, concernant les diff\u00e9rents segments de la fili\u00e8re, c\u2019est celui de la confection qui pr\u00e9sente les meilleures performances avec une cr\u00e9ation de richesse \u00e9valu\u00e9e entre 127,7 milliards et 288,4 milliards de FCFA au cours de la p\u00e9riode sus-\u00e9voqu\u00e9e, repr\u00e9sentant 64 \u00e0 75% de la valeur ajout\u00e9e globale de l\u2019ensemble de fili\u00e8re.\u00a0\u00a0S\u2019agissant de l\u2019industrie du textile, sa part dans la cr\u00e9ation de richesse de la fili\u00e8re varie entre 13% et 20%, avec un pic r\u00e9alis\u00e9 en 2017 et correspondant \u00e0 une valeur ajout\u00e9e \u00e9valu\u00e9e \u00e0 72,7 milliards FCFA. Quant \u00e0 la culture de coton, sur la p\u00e9riode 2005-2018, sa valeur ajout\u00e9e oscille entre 27,5 milliards FCFA et 58 milliards FCFA, avec une part dans la valeur ajout\u00e9e totale de la fili\u00e8re plafonn\u00e9e \u00e0 15% sur la p\u00e9riode.<\/p>\n<p><strong>Lire aussi<\/strong> : <strong><a href=\"https:\/\/ecomatin.net\/les-chinois-controlent-88-du-marche-du-pagne-au-cameroun-contre-6-pour-la-cicam\/\">Les chinois contr\u00f4lent 88% du march\u00e9 du pagne au Cameroun contre 6% pour la Cicam<\/a><\/strong><\/p>\n<p>En ce qui concerne le commerce ext\u00e9rieur, entre 2005 et 2018, la valeur des exportations des produits de la fili\u00e8re est pass\u00e9e de 76,8 milliards FCFA \u00e0 120,3 milliards FCFA. Cette \u00e9volution correspond cependant \u00e0 une diminution de la part des exportations de la fili\u00e8re dans les exportations totales du pays, qui est pass\u00e9 de 3,3% \u00e0 2,9% sur cette p\u00e9riode. Au sujet des importations des produits de la fili\u00e8re, leur valeur est pass\u00e9e de 28,7 milliards FCFA \u00e0 118,2 milliards FCFA, soit une \u00e9volution de la part des importations de ces produits dans le total des importations de 1,2% \u00e0 2,3% sur la p\u00e9riode consid\u00e9r\u00e9e.<\/p>\n<p><strong>Fusion Sodecoton-Cicam<\/strong><\/p>\n<p>Ces statistiques pr\u00e9sentent de mani\u00e8re non exhaustive le tableau assombri d\u2019une fili\u00e8re dont la technologie de production, tout comme les \u00e9quipements de production sont pour la plupart v\u00e9tustes et parfois techniquement incompatibles avec certains segments de la fili\u00e8re dont la demande est forte. \u00ab\u00a0C\u2019est particuli\u00e8rement le cas des industries du textile et de la confection (INS, 2016). Par cons\u00e9quent, les unit\u00e9s de production et de transformation du coton ne sont pas \u00e0 m\u00eame de satisfaire la demande des industries situ\u00e9es en aval. La persistance de cette situation est de nature \u00e0 r\u00e9duire les capacit\u00e9s de production dans les maillons concern\u00e9s de la fili\u00e8re, favorisant ainsi un accroissement du volume des importations\u00a0\u00bb, renseigne la note d\u2019analyse du Minepat. D\u00e8s lors, il est recommand\u00e9 une modernisation de l\u2019appareil de production pour aider l\u2019industrie \u00e0 se remettre en selle.<\/p>\n<p><strong>Lire aussi<\/strong> : <strong><a href=\"https:\/\/ecomatin.net\/la-cicam-reduit-de-25-ses-ambitions-de-production-du-pagne-du-8-mars\/\">La Cicam r\u00e9duit de 25% ses ambitions de production du pagne du 8 mars<\/a><\/strong><\/p>\n<p>L\u2019hypoth\u00e8se de modernisation des \u00e9quipements productifs est donc prise en compte dans la SND-30 avec pour objectifs d\u2019augmenter la production cotonni\u00e8re au seuil de 600 000 tonnes\/an ; d\u2019int\u00e9grer la transformation industrielle de la fibre locale pour atteindre un taux maximum de 50% de la demasodecotonnde nationale. Le PDI qui se situe dans la m\u00eame perspective, \u00e9voque la fusion entre la Cotonni\u00e8re industrielle du Cameroun (Cicam) et la Soci\u00e9t\u00e9 de d\u00e9veloppement du coton (Sodecoton), et envisage le renouvellement et le renforcement des capacit\u00e9s industrielles d\u2019une m\u00e9gastructure regroupant les deux structures d\u2019une capacit\u00e9 de filature de 300 000 tonnes\/an et la mise en place d\u2019un centre technique du textile.<\/p>\n<p>L\u2019article <a rel=\"nofollow\" href=\"https:\/\/ecomatin.net\/perspectives-la-fusion-sodecoton-cicam-une-option-de-relance-de-la-filiere-coton-textile\/\">Perspectives\u00a0: la fusion Sodecoton-Cicam, une option de relance de la fili\u00e8re coton-textile<\/a> est apparu en premier sur <a rel=\"nofollow\" href=\"https:\/\/ecomatin.net\/\">EcoMatin<\/a>.<\/p>\n<\/div>\n<p>Auteur: Yannick KENNE<br \/>\n<a href=\"https:\/\/ecomatin.net\/perspectives-la-fusion-sodecoton-cicam-une-option-de-relance-de-la-filiere-coton-textile\/\">Cliquez ici pour lire l&rsquo;article depuis sa source.<\/a><\/p>\n","protected":false},"excerpt":{"rendered":"<p>Dans le document de Strat\u00e9gie nationale de d\u00e9veloppement (SND-30), la fili\u00e8re coton-textile-confection est identifi\u00e9e comme une fili\u00e8re porteuse de l\u2019\u00e9conomie camerounaise, dot\u00e9e d\u2019un fort potentiel de cr\u00e9ation d\u2019emplois, et est consid\u00e9r\u00e9e comme une composante importante du socle sur lequel repose le processus de transformation structurelle de l\u2019\u00e9conomie camerounaise. Et pourtant, elle ne pr\u00e9sente pas de [&hellip;]<\/p>\n","protected":false},"author":1969,"featured_media":0,"comment_status":"closed","ping_status":"closed","sticky":false,"template":"","format":"standard","meta":{"fifu_image_url":"","fifu_image_alt":"","footnotes":""},"categories":[82,78],"tags":[],"class_list":["post-142985","post","type-post","status-publish","format-standard","hentry","category-cameroun","category-economie"],"_links":{"self":[{"href":"https:\/\/linitiative.ca\/International\/wp-json\/wp\/v2\/posts\/142985","targetHints":{"allow":["GET"]}}],"collection":[{"href":"https:\/\/linitiative.ca\/International\/wp-json\/wp\/v2\/posts"}],"about":[{"href":"https:\/\/linitiative.ca\/International\/wp-json\/wp\/v2\/types\/post"}],"author":[{"embeddable":true,"href":"https:\/\/linitiative.ca\/International\/wp-json\/wp\/v2\/users\/1969"}],"replies":[{"embeddable":true,"href":"https:\/\/linitiative.ca\/International\/wp-json\/wp\/v2\/comments?post=142985"}],"version-history":[{"count":0,"href":"https:\/\/linitiative.ca\/International\/wp-json\/wp\/v2\/posts\/142985\/revisions"}],"wp:attachment":[{"href":"https:\/\/linitiative.ca\/International\/wp-json\/wp\/v2\/media?parent=142985"}],"wp:term":[{"taxonomy":"category","embeddable":true,"href":"https:\/\/linitiative.ca\/International\/wp-json\/wp\/v2\/categories?post=142985"},{"taxonomy":"post_tag","embeddable":true,"href":"https:\/\/linitiative.ca\/International\/wp-json\/wp\/v2\/tags?post=142985"}],"curies":[{"name":"wp","href":"https:\/\/api.w.org\/{rel}","templated":true}]}}