{"id":14299,"date":"2019-02-14T15:04:28","date_gmt":"2019-02-14T20:04:28","guid":{"rendered":"https:\/\/linitiative.ca\/International\/dialogue-republicain-alassane-bala-sakande-aux-sieges-de-lupc-et-du-cdp\/"},"modified":"2019-02-14T15:04:28","modified_gmt":"2019-02-14T20:04:28","slug":"dialogue-republicain-alassane-bala-sakande-aux-sieges-de-lupc-et-du-cdp","status":"publish","type":"post","link":"https:\/\/linitiative.ca\/International\/dialogue-republicain-alassane-bala-sakande-aux-sieges-de-lupc-et-du-cdp\/","title":{"rendered":"Dialogue r\u00e9publicain Alassane Bala Sakand\u00e9 : Aux si\u00e8ges  de l\u2019UPC et du CDP"},"content":{"rendered":"<div class=\"td-post-featured-image\"><a href=\"https:\/\/i1.wp.com\/www.sidwaya.info\/wp-content\/uploads\/2019\/02\/2-4.jpg?fit=765%2C511&#038;ssl=1\" data-caption=\"\"><img loading=\"lazy\" decoding=\"async\" width=\"696\" height=\"465\" class=\"entry-thumb td-modal-image\" src=\"https:\/\/i1.wp.com\/www.sidwaya.info\/wp-content\/uploads\/2019\/02\/2-4.jpg?resize=696%2C465&#038;ssl=1\" srcset=\"https:\/\/i1.wp.com\/www.sidwaya.info\/wp-content\/uploads\/2019\/02\/2-4.jpg?w=765&#038;ssl=1 765w, https:\/\/i1.wp.com\/www.sidwaya.info\/wp-content\/uploads\/2019\/02\/2-4.jpg?resize=300%2C200&#038;ssl=1 300w, https:\/\/i1.wp.com\/www.sidwaya.info\/wp-content\/uploads\/2019\/02\/2-4.jpg?resize=696%2C465&#038;ssl=1 696w, https:\/\/i1.wp.com\/www.sidwaya.info\/wp-content\/uploads\/2019\/02\/2-4.jpg?resize=629%2C420&#038;ssl=1 629w\" sizes=\"auto, (max-width: 696px) 100vw, 696px\" alt=\"\" title=\"2\"\/><\/a><\/div>\n<p><strong>Le pr\u00e9sident de l\u2019Assembl\u00e9e nationale (PAN), Alassane Bala Sakand\u00e9, a rendu des visites de courtoisie aux pr\u00e9sidents de l\u2019Union pour le progr\u00e8s et le changement (UPC), Z\u00e9phirin Diabr\u00e9 et du Congr\u00e8s pour la d\u00e9mocratie et le progr\u00e8s (CDP), Eddie Kombo\u00efgo, le jeudi 14 f\u00e9vrier 2019 \u00e0 Ouagadougou.<\/strong><\/p>\n<p><img loading=\"lazy\" decoding=\"async\" class=\"size-medium wp-image-4307 alignleft\" src=\"https:\/\/i2.wp.com\/www.sidwaya.info\/wp-content\/uploads\/2019\/02\/1-17.jpg?resize=300%2C200&#038;ssl=1\" alt=\"\" width=\"300\" height=\"200\" srcset=\"https:\/\/i2.wp.com\/www.sidwaya.info\/wp-content\/uploads\/2019\/02\/1-17.jpg?resize=300%2C200&#038;ssl=1 300w, https:\/\/i2.wp.com\/www.sidwaya.info\/wp-content\/uploads\/2019\/02\/1-17.jpg?resize=696%2C465&#038;ssl=1 696w, https:\/\/i2.wp.com\/www.sidwaya.info\/wp-content\/uploads\/2019\/02\/1-17.jpg?resize=629%2C420&#038;ssl=1 629w, https:\/\/i2.wp.com\/www.sidwaya.info\/wp-content\/uploads\/2019\/02\/1-17.jpg?w=765&#038;ssl=1 765w\" sizes=\"auto, (max-width: 300px) 100vw, 300px\" data-recalc-dims=\"1\"\/>Au regard de la composition de l\u2019H\u00e9micycle avec des d\u00e9put\u00e9s issus de plusieurs formations politiques, le pr\u00e9sident de l\u2019Assembl\u00e9e nationale (PAN), Alassane Bala Sakand\u00e9, a d\u00e9cid\u00e9 d\u2019aller \u00e0 la rencontre des premiers responsables desdits partis. Sa tourn\u00e9e a d\u00e9but\u00e9 par le si\u00e8ge de l\u2019Union pour le progr\u00e8s et le changement (UPC), le jeudi 14 f\u00e9vrier 2019 \u00e0 Ouagadougou, o\u00f9 il a \u00e9chang\u00e9 avec le pr\u00e9sident du parti, Z\u00e9phirin Diabr\u00e9. Au cours de leur entrevue qui a dur\u00e9 environ une heure, les deux personnalit\u00e9s ont abord\u00e9 des questions d\u2019int\u00e9r\u00eat national. Le PAN a saisi l\u2019occasion pour pr\u00e9senter ses v\u0153ux de nouvel an \u00e0 Z\u00e9phirin Diabr\u00e9. Bala Sakand\u00e9 a aussi salu\u00e9 l\u2019action des d\u00e9put\u00e9s de l\u2019UPC qui participent \u00e0 l\u2019animation de la vie de l\u2019institution.<\/p>\n<p>\u00ab J\u2019ai soulign\u00e9 leur contribution dans le travail l\u00e9gislatif et le renforcement de la d\u00e9mocratie au sein de l\u2019institution. Dire que les d\u00e9put\u00e9s de l\u2019UPC ont particip\u00e9 au travail l\u00e9gislatif ne signifie pas qu\u2019il y a eu des compromissions. Nous disons merci au pr\u00e9sident de l\u2019UPC et invitons ses d\u00e9put\u00e9s \u00e0 \u0153uvrer davantage au renforcement de la d\u00e9mocratie \u00bb, a-t-il confi\u00e9. Le PAN a \u00e9galement inform\u00e9 Z\u00e9phirin Diabr\u00e9 que la Repr\u00e9sentation nationale a pris l\u2019initiative d\u2019\u00e9riger le si\u00e8ge du Chef de file de l\u2019opposition (CFOP) en son sein au cours de l\u2019ann\u00e9e 2019. Pour M. Sakand\u00e9, le CFOP est une institution relevant de l\u2019Assembl\u00e9e nationale et m\u00e9rite des locaux qui lui permettent d\u2019avoir un cadre id\u00e9al de travail. Pourquoi \u00eates-vous venu au si\u00e8ge de l\u2019UPC alors que le pr\u00e9sident du parti tenait r\u00e9cemment des propos assez durs \u00e0 l\u2019encontre de la majorit\u00e9\u00a0? \u00ab Je suis ici en tant pr\u00e9sident de l\u2019Assembl\u00e9e nationale au sein de laquelle si\u00e8gent des d\u00e9put\u00e9s issus de nombreux partis politiques.<\/p>\n<p>Je ne peux r\u00e9pondre \u00e0 cette question\u00a0parce que je ne suis pas le responsable de la majorit\u00e9 \u00bb, a r\u00e9agi M. Sakand\u00e9. Le pr\u00e9sident de l\u2019UPC s\u2019est r\u00e9joui de la visite du PAN qui est un signe de consid\u00e9ration \u00ab immense\u00a0\u00bb \u00e0 l\u2019endroit de son parti.\u00a0Cette d\u00e9marche, a-t-il soulign\u00e9, est tout \u00e0 fait r\u00e9publicaine et empreinte de respect vis-\u00e0-vis de l\u2019UPC et de l\u2019ensemble de l\u2019opposition. \u00ab\u00a0C\u2019est l\u2019occasion \u00e0 mon tour de pr\u00e9senter les v\u0153ux les meilleurs de l\u2019UPC \u00e0 lui et \u00e0 l\u2019institution qu\u2019il dirige. Je ne peux que me r\u00e9jouir de l\u2019appr\u00e9ciation positive du travail des d\u00e9put\u00e9s de l\u2019UPC\u00a0\u00bb, a d\u00e9clar\u00e9 M. Diabr\u00e9.<\/p>\n<p><strong>\u00ab\u00a0Esprit d\u2019anticipation\u00a0\u00bb<\/strong><\/p>\n<p>Il a salu\u00e9 le projet de construction du si\u00e8ge du CFOP et indiqu\u00e9 qu\u2019au nom du principe de l\u2019alternance, la majorit\u00e9 va occuper un jour le CFOP. \u00ab\u00a0Nous sommes heureux de la construction du si\u00e8ge du CFOP qui permettra \u00e0 l\u2019ensemble des partis politiques de l\u2019opposition de disposer d\u2019un cadre id\u00e9al de travail.<\/p>\n<p>Je serai heureux de lui rendre un jour visite au si\u00e8ge du CFOP dans le cadre d\u2019une alternance. Ceux qui sont dans la majorit\u00e9 aujourd\u2019hui seront t\u00f4t ou tard dans l\u2019opposition\u00a0\u00bb, a-t-il plaisant\u00e9. Apr\u00e8s l\u2019UPC, le PAN a mis le cap sur le si\u00e8ge du CDP o\u00f9 il a r\u00e9it\u00e9r\u00e9 le m\u00eame message au pr\u00e9sident du parti, Eddie Kombo\u00efgo, qui a f\u00e9licit\u00e9 Bala Sakand\u00e9 pour l\u2019initiative. \u00ab Nous appr\u00e9cions sa volont\u00e9 de construire avec l\u2019opposition et saluons son esprit d\u2019anticipation en voulant construire le si\u00e8ge du CFOP puisqu\u2019il sait qu\u2019ils vont y revenir en 2021.<\/p>\n<p>Nous sommes revenus sur le Code \u00e9lectoral dont l\u2019adoption n\u2019a pas suivi le processus que nous avons souhait\u00e9. La Constitution dit qu\u2019il faut un consensus et cela a \u00e9t\u00e9 battu en br\u00e8che\u00a0\u00bb, a soutenu Eddie Kombo\u00efgo. Le pr\u00e9sident du CDP a lou\u00e9 le travail de son h\u00f4te \u00e0 la t\u00eate du Parlement tout en lui rappelant son passage \u00e0 l\u2019ancien parti au pouvoir.<\/p>\n<p>\u00ab\u00a0Nous avons un jeune pr\u00e9sident de l\u2019AN qui connait son parti d\u2019origine, le CDP. Il a tout appris dans ce parti et il fait un transfert de technologie dans un autre parti. Nous osons croire que ses a\u00een\u00e9s vont lui permettre de transmettre son savoir et savoir-faire \u00bb, a amus\u00e9 Eddie Kombo\u00efgo.<\/p>\n<p class=\"c1\"><strong>Karim BADOLO &#038;<\/strong><br \/><strong>Fatimata Tankoano<\/strong><br \/><strong>(Stagiaire)<\/strong><\/p>\n<div class=\"td-a-rec td-a-rec-id-content_bottom td_uid_21_5c65ef3d37e2e_rand td_block_template_1\"><img loading=\"lazy\" decoding=\"async\" class=\"alignright size-full wp-image-1724\" src=\"https:\/\/www.sidwaya.info\/wp-content\/uploads\/2018\/12\/sidwaya-pub.jpg\" alt=\"\" width=\"720\" height=\"90\"\/><\/div>\n<p>Auteur: DD. Sidwaya<br \/>\n<a href=\"https:\/\/www.sidwaya.info\/blog\/2019\/02\/14\/dialogue-republicain-alassane-bala-sakande-aux-sieges-de-lupc-et-du-cdp\/\">Cliquez ici pour lire l&rsquo;article depuis sa source.<\/a><\/p>\n","protected":false},"excerpt":{"rendered":"<p>Le pr\u00e9sident de l\u2019Assembl\u00e9e nationale (PAN), Alassane Bala Sakand\u00e9, a rendu des visites de courtoisie aux pr\u00e9sidents de l\u2019Union pour le progr\u00e8s et le changement (UPC), Z\u00e9phirin Diabr\u00e9 et du Congr\u00e8s pour la d\u00e9mocratie et le progr\u00e8s (CDP), Eddie Kombo\u00efgo, le jeudi 14 f\u00e9vrier 2019 \u00e0 Ouagadougou. Au regard de la composition de l\u2019H\u00e9micycle avec [&hellip;]<\/p>\n","protected":false},"author":1816,"featured_media":0,"comment_status":"closed","ping_status":"closed","sticky":false,"template":"","format":"standard","meta":{"fifu_image_url":"","fifu_image_alt":"","footnotes":""},"categories":[73,81],"tags":[],"class_list":["post-14299","post","type-post","status-publish","format-standard","hentry","category-actualite","category-burkina-faso"],"_links":{"self":[{"href":"https:\/\/linitiative.ca\/International\/wp-json\/wp\/v2\/posts\/14299","targetHints":{"allow":["GET"]}}],"collection":[{"href":"https:\/\/linitiative.ca\/International\/wp-json\/wp\/v2\/posts"}],"about":[{"href":"https:\/\/linitiative.ca\/International\/wp-json\/wp\/v2\/types\/post"}],"author":[{"embeddable":true,"href":"https:\/\/linitiative.ca\/International\/wp-json\/wp\/v2\/users\/1816"}],"replies":[{"embeddable":true,"href":"https:\/\/linitiative.ca\/International\/wp-json\/wp\/v2\/comments?post=14299"}],"version-history":[{"count":0,"href":"https:\/\/linitiative.ca\/International\/wp-json\/wp\/v2\/posts\/14299\/revisions"}],"wp:attachment":[{"href":"https:\/\/linitiative.ca\/International\/wp-json\/wp\/v2\/media?parent=14299"}],"wp:term":[{"taxonomy":"category","embeddable":true,"href":"https:\/\/linitiative.ca\/International\/wp-json\/wp\/v2\/categories?post=14299"},{"taxonomy":"post_tag","embeddable":true,"href":"https:\/\/linitiative.ca\/International\/wp-json\/wp\/v2\/tags?post=14299"}],"curies":[{"name":"wp","href":"https:\/\/api.w.org\/{rel}","templated":true}]}}