{"id":142994,"date":"2022-03-13T09:55:14","date_gmt":"2022-03-13T13:55:14","guid":{"rendered":"https:\/\/linitiative.ca\/International\/examen-des-impacts-potentiels-de-la-crise-ukrainienne-sur-leconomie-marocaine\/"},"modified":"2022-03-13T09:55:14","modified_gmt":"2022-03-13T13:55:14","slug":"examen-des-impacts-potentiels-de-la-crise-ukrainienne-sur-leconomie-marocaine","status":"publish","type":"post","link":"https:\/\/linitiative.ca\/International\/examen-des-impacts-potentiels-de-la-crise-ukrainienne-sur-leconomie-marocaine\/","title":{"rendered":"Examen des impacts potentiels de la crise ukrainienne sur l\u2019\u00e9conomie marocaine"},"content":{"rendered":"<div>\n<p class=\"has-text-align-center has-vivid-red-color has-text-color\"><strong>Bourita et Mme Fettah Alaoui se r\u00e9unissent avec Bank Al-Maghrib, la CGEM et le GPBM<\/strong><\/p>\n<p class=\"has-vivid-cyan-blue-color has-text-color\"><strong>Le ministre des Affaires \u00e9trang\u00e8res, de la Coop\u00e9ration Africaine et des Marocains R\u00e9sidant \u00e0 l\u2019Etranger, Nasser Bourita, et la ministre de l\u2019Economie et des Finances, Nadia Fettah Alaoui, ont pr\u00e9sid\u00e9, jeudi \u00e0 Rabat, une r\u00e9union de travail avec Bank Al-Maghrib, Tamwilcom, l\u2019Office des Changes et les pr\u00e9sidents de la Conf\u00e9d\u00e9ration g\u00e9n\u00e9rale des entreprises du Maroc (CGEM) et du Groupement Professionnel des Banques du Maroc (GPBM) \u00e0 l\u2019effet de prendre connaissance de la situation \u00e9conomique et financi\u00e8re nationale, d\u2019examiner les impacts potentiels de la crise ukrainienne sur l\u2019\u00e9conomie marocaine et de proposer des solutions aux op\u00e9rateurs \u00e9conomiques pour faire face \u00e0 la conjoncture actuelle.<\/strong><\/p>\n<p>Les participants \u00e0 cette r\u00e9union ont pu prendre connaissance des derniers indicateurs conjoncturels. L\u2019activit\u00e9 \u00e9conomique au Maroc en 2021 a connu un rebond du fait de redressement de plusieurs secteurs et branches de l\u2019\u00e9conomie nationale.\u00a0 Ceci a permis de rattraper l\u2019\u00e9cart de production enregistr\u00e9 en 2020 et ce, \u00e0 la faveur des mesures prises dans le cadre du plan de relance et des progr\u00e8s notables enregistr\u00e9s en mati\u00e8re de vaccination.<\/p>\n<p>En revanche, l\u2019\u00e9conomie nationale est appel\u00e9e \u00e0 relever en 2022 des d\u00e9fis en lien avec l\u2019envol\u00e9e \u00e0 l\u2019international des prix des mati\u00e8res premi\u00e8res et \u00e9nerg\u00e9tiques, accentu\u00e9e par la crise ukrainienne. Dans ce contexte, M. Bourita et Mme Fettah Alaoui ont tenu \u00e0 assurer les op\u00e9rateurs \u00e9conomiques du soutien et de l\u2019accompagnement du gouvernement pour faire face aux difficult\u00e9s pouvant d\u00e9couler de cette situation.<\/p>\n<p>Ainsi et eu \u00e9gard aux r\u00e9sultats favorables r\u00e9alis\u00e9s dans le cadre de la mise en \u0153uvre des programmes d\u2019appui au financement des entreprises, notamment les dispositifs covid-19, et afin de renforcer l\u2019appui au financement du cycle d\u2019exploitation et la relance de l\u2019investissement des entreprises, il a \u00e9t\u00e9 d\u00e9cid\u00e9 de relever les plafonds de garantie au titre de l\u2019offre classique \u00ab\u00a0Tamwilcom\u00a0\u00bb afin d\u2019augmenter le potentiel d\u2019offre de cr\u00e9dits de tr\u00e9sorerie et de r\u00e9\u00e9chelonner les cr\u00e9dits \u00ab\u00a0Oxyg\u00e8ne et relance\u00a0\u00bb pour une dur\u00e9e pouvant atteindre 3 ans.<\/p>\n<p>D\u2019autres mesures seront prises en fonction de l\u2019\u00e9volution de la situation. A cet effet, il a \u00e9t\u00e9 convenu de maintenir ce cadre de concertation qui b\u00e9n\u00e9ficiera de l\u2019appui du minist\u00e8re des Affaires \u00e9trang\u00e8res de la Coop\u00e9ration Africaine et des Marocains R\u00e9sidant \u00e0 l\u2019Etranger.<\/p>\n<p>L\u2019article <a rel=\"nofollow\" href=\"http:\/\/albayane.press.ma\/examen-des-impacts-potentiels-de-la-crise-ukrainienne-sur-leconomie-marocaine.html\">Examen des impacts potentiels de la crise ukrainienne sur l\u2019\u00e9conomie marocaine<\/a> est apparu en premier sur <a rel=\"nofollow\" href=\"http:\/\/albayane.press.ma\/\">ALBAYANE<\/a>.<\/p>\n<\/div>\n<p>Auteur: M&rsquo;hammed rahal<br \/>\n<a href=\"http:\/\/albayane.press.ma\/examen-des-impacts-potentiels-de-la-crise-ukrainienne-sur-leconomie-marocaine.html\">Cliquez ici pour lire l&rsquo;article depuis sa source.<\/a><\/p>\n","protected":false},"excerpt":{"rendered":"<p>Bourita et Mme Fettah Alaoui se r\u00e9unissent avec Bank Al-Maghrib, la CGEM et le GPBM Le ministre des Affaires \u00e9trang\u00e8res, de la Coop\u00e9ration Africaine et des Marocains R\u00e9sidant \u00e0 l\u2019Etranger, Nasser Bourita, et la ministre de l\u2019Economie et des Finances, Nadia Fettah Alaoui, ont pr\u00e9sid\u00e9, jeudi \u00e0 Rabat, une r\u00e9union de travail avec Bank Al-Maghrib, [&hellip;]<\/p>\n","protected":false},"author":1760,"featured_media":0,"comment_status":"closed","ping_status":"closed","sticky":false,"template":"","format":"standard","meta":{"fifu_image_url":"","fifu_image_alt":"","footnotes":""},"categories":[73,54],"tags":[],"class_list":["post-142994","post","type-post","status-publish","format-standard","hentry","category-actualite","category-maroc"],"_links":{"self":[{"href":"https:\/\/linitiative.ca\/International\/wp-json\/wp\/v2\/posts\/142994","targetHints":{"allow":["GET"]}}],"collection":[{"href":"https:\/\/linitiative.ca\/International\/wp-json\/wp\/v2\/posts"}],"about":[{"href":"https:\/\/linitiative.ca\/International\/wp-json\/wp\/v2\/types\/post"}],"author":[{"embeddable":true,"href":"https:\/\/linitiative.ca\/International\/wp-json\/wp\/v2\/users\/1760"}],"replies":[{"embeddable":true,"href":"https:\/\/linitiative.ca\/International\/wp-json\/wp\/v2\/comments?post=142994"}],"version-history":[{"count":0,"href":"https:\/\/linitiative.ca\/International\/wp-json\/wp\/v2\/posts\/142994\/revisions"}],"wp:attachment":[{"href":"https:\/\/linitiative.ca\/International\/wp-json\/wp\/v2\/media?parent=142994"}],"wp:term":[{"taxonomy":"category","embeddable":true,"href":"https:\/\/linitiative.ca\/International\/wp-json\/wp\/v2\/categories?post=142994"},{"taxonomy":"post_tag","embeddable":true,"href":"https:\/\/linitiative.ca\/International\/wp-json\/wp\/v2\/tags?post=142994"}],"curies":[{"name":"wp","href":"https:\/\/api.w.org\/{rel}","templated":true}]}}