{"id":142995,"date":"2022-03-13T09:59:48","date_gmt":"2022-03-13T13:59:48","guid":{"rendered":"https:\/\/linitiative.ca\/International\/chakib-alj-president-de-la-cgem-les-chefs-dentreprises-ont-besoin-de-visibilite\/"},"modified":"2022-03-13T09:59:48","modified_gmt":"2022-03-13T13:59:48","slug":"chakib-alj-president-de-la-cgem-les-chefs-dentreprises-ont-besoin-de-visibilite","status":"publish","type":"post","link":"https:\/\/linitiative.ca\/International\/chakib-alj-president-de-la-cgem-les-chefs-dentreprises-ont-besoin-de-visibilite\/","title":{"rendered":"Chakib Alj, pr\u00e9sident de la CGEM: \u00ables chefs d\u2019entreprises ont besoin de visibilit\u00e9\u00bb"},"content":{"rendered":"<div>\n<p class=\"has-text-align-center has-vivid-red-color has-text-color\"><strong>Commande publique<\/strong><\/p>\n<p class=\"has-text-color\" style=\"color:#0037a3\"><strong>Les chefs d\u2019entreprises ont besoin de visibilit\u00e9 en mati\u00e8re de la commande publique, notamment sur les programmes et sur les taux d\u2019ex\u00e9cution, a indiqu\u00e9, mercredi \u00e0 Casablanca, le pr\u00e9sident de la Conf\u00e9d\u00e9ration g\u00e9n\u00e9rale des entreprises du Maroc (CGEM), Chakib Alj.<\/strong><\/p>\n<p>\u00ab\u00a0Certes, l\u2019investissement public a \u00e9volu\u00e9 ces derni\u00e8res ann\u00e9es en passant de 198 milliards de dirhams en 2020, \u00e0 230 milliards en 2021 et \u00e0 un volume pr\u00e9vu dans la Loi de finances 2022 de 245 milliards, mais les chefs d\u2019entreprises ont besoin de visibilit\u00e9, notamment sur les programmes et sur les taux d\u2019ex\u00e9cution\u00a0\u00bb, a dit M. Alj dans son allocution lors d\u2019une conf\u00e9rence organis\u00e9e par la CGEM sous le th\u00e8me \u00ab\u00a0la commande publique, levier de transformation pour un d\u00e9veloppement productif\u00a0\u00bb. Et d\u2019ajouter qu\u2019il est \u00e9galement important que certains principes soit appliqu\u00e9s \u00e0 savoir la s\u00e9curit\u00e9 juridique du cadre r\u00e9gissant la commande publique, la libert\u00e9 d\u2019acc\u00e8s \u00e0 l\u2019achat public, l\u2019\u00e9galit\u00e9 de traitement et la transparence dans la s\u00e9lection des prestataires ainsi que le respect des d\u00e9lais de paiement.<\/p>\n<p>Aussi, M. Alj a estim\u00e9 que pour que la commande publique soit efficiente et joue son r\u00f4le, il est primordial de lever les contraintes r\u00e9glementaires et juridiques existantes et appliquer la mesure de l\u2019efficacit\u00e9 de la commande publique afin d\u2019apporter des correctifs appropri\u00e9s. Pour sa part, le Tr\u00e9sorier g\u00e9n\u00e9rale du Royaume, Noureddine Bensouda, a soulign\u00e9 que la r\u00e9forme de la commande publique n\u00e9cessite de la m\u00e9thode, du changement de la culture et de la volont\u00e9.<\/p>\n<p>Il a relev\u00e9 que l\u2019int\u00e9r\u00eat accord\u00e9 \u00e0 la r\u00e9forme de la commande publique proc\u00e8de d\u2019abord, de la dimension financi\u00e8re de l\u2019achat public, en raison des enjeux budg\u00e9taires sous-jacents et du volume des d\u00e9penses publiques brass\u00e9es par les commandes de l\u2019\u00c9tat, des collectivit\u00e9s territoriales et des \u00e9tablissements et entreprises publics. L\u2019int\u00e9r\u00eat pour la r\u00e9forme de la commande publique d\u00e9coule \u00e9galement des enjeux \u00e9conomiques qu\u2019elle rec\u00e8le, d\u00e8s lors que l\u2019achat public n\u2019est plus un simple moyen d\u2019acquisition par les organismes publics de travaux, de biens et de services, avec un meilleur usage des deniers publics, a expliqu\u00e9 M. Bensouda.\u00a0 L\u2019achat public est plut\u00f4t devenu un levier puissant de politique \u00e9conomique, de promotion de l\u2019entreprise, de g\u00e9n\u00e9ration de la croissance pour l\u2019\u00e9conomie nationale et de redistribution des ressources, a-t-il avanc\u00e9, notant que cet int\u00e9r\u00eat r\u00e9sulte en outre, des enjeux d\u2019ordre social, environnemental et de d\u00e9veloppement durable de l\u2019acte d\u2019achat public.<\/p>\n<p>Et de soutenir que l\u2019int\u00e9r\u00eat qu\u2019attachent les pouvoirs publics au domaine de la commande publique est \u00e9galement li\u00e9 aux exigences des politiques nationales de protection de l\u2019environnement, de veille \u00e0 l\u2019efficacit\u00e9 \u00e9nerg\u00e9tique et d\u2019aspiration pour le d\u00e9veloppement durable auxquelles l\u2019achat public pourrait largement contribuer.\u00a0 Cette conf\u00e9rence, mod\u00e9r\u00e9e par le vice-pr\u00e9sident de la Conf\u00e9d\u00e9ration et pr\u00e9sident de la commission dynamique r\u00e9gionale et Partenariats public-priv\u00e9 (PPP), Abdelkrim Mehdi, s\u2019inscrit dans le cadre des \u00ab\u00a0Rencontres du Livre Blanc\u00a0\u00bb de la CGEM.<\/p>\n<p>L\u2019article <a rel=\"nofollow\" href=\"http:\/\/albayane.press.ma\/chakib-alj-president-de-la-cgem-les-chefs-dentreprises-ont-besoin-de-visibilite.html\">Chakib Alj, pr\u00e9sident de la CGEM: \u00ables chefs d\u2019entreprises ont besoin de visibilit\u00e9\u00bb<\/a> est apparu en premier sur <a rel=\"nofollow\" href=\"http:\/\/albayane.press.ma\/\">ALBAYANE<\/a>.<\/p>\n<\/div>\n<p>Auteur: M&rsquo;hammed rahal<br \/>\n<a href=\"http:\/\/albayane.press.ma\/chakib-alj-president-de-la-cgem-les-chefs-dentreprises-ont-besoin-de-visibilite.html\">Cliquez ici pour lire l&rsquo;article depuis sa source.<\/a><\/p>\n","protected":false},"excerpt":{"rendered":"<p>Commande publique Les chefs d\u2019entreprises ont besoin de visibilit\u00e9 en mati\u00e8re de la commande publique, notamment sur les programmes et sur les taux d\u2019ex\u00e9cution, a indiqu\u00e9, mercredi \u00e0 Casablanca, le pr\u00e9sident de la Conf\u00e9d\u00e9ration g\u00e9n\u00e9rale des entreprises du Maroc (CGEM), Chakib Alj. \u00ab\u00a0Certes, l\u2019investissement public a \u00e9volu\u00e9 ces derni\u00e8res ann\u00e9es en passant de 198 milliards [&hellip;]<\/p>\n","protected":false},"author":1760,"featured_media":0,"comment_status":"closed","ping_status":"closed","sticky":false,"template":"","format":"standard","meta":{"fifu_image_url":"","fifu_image_alt":"","footnotes":""},"categories":[73,54],"tags":[],"class_list":["post-142995","post","type-post","status-publish","format-standard","hentry","category-actualite","category-maroc"],"_links":{"self":[{"href":"https:\/\/linitiative.ca\/International\/wp-json\/wp\/v2\/posts\/142995","targetHints":{"allow":["GET"]}}],"collection":[{"href":"https:\/\/linitiative.ca\/International\/wp-json\/wp\/v2\/posts"}],"about":[{"href":"https:\/\/linitiative.ca\/International\/wp-json\/wp\/v2\/types\/post"}],"author":[{"embeddable":true,"href":"https:\/\/linitiative.ca\/International\/wp-json\/wp\/v2\/users\/1760"}],"replies":[{"embeddable":true,"href":"https:\/\/linitiative.ca\/International\/wp-json\/wp\/v2\/comments?post=142995"}],"version-history":[{"count":0,"href":"https:\/\/linitiative.ca\/International\/wp-json\/wp\/v2\/posts\/142995\/revisions"}],"wp:attachment":[{"href":"https:\/\/linitiative.ca\/International\/wp-json\/wp\/v2\/media?parent=142995"}],"wp:term":[{"taxonomy":"category","embeddable":true,"href":"https:\/\/linitiative.ca\/International\/wp-json\/wp\/v2\/categories?post=142995"},{"taxonomy":"post_tag","embeddable":true,"href":"https:\/\/linitiative.ca\/International\/wp-json\/wp\/v2\/tags?post=142995"}],"curies":[{"name":"wp","href":"https:\/\/api.w.org\/{rel}","templated":true}]}}