{"id":142996,"date":"2022-03-13T10:07:14","date_gmt":"2022-03-13T14:07:14","guid":{"rendered":"https:\/\/linitiative.ca\/International\/signature-a-rabat-du-document-relatif-au-projet-link-up-africa\/"},"modified":"2022-03-13T10:07:14","modified_gmt":"2022-03-13T14:07:14","slug":"signature-a-rabat-du-document-relatif-au-projet-link-up-africa","status":"publish","type":"post","link":"https:\/\/linitiative.ca\/International\/signature-a-rabat-du-document-relatif-au-projet-link-up-africa\/","title":{"rendered":"Signature \u00e0 Rabat du document relatif au projet \u00abLINK UP AFRICA\u00bb"},"content":{"rendered":"<div>\n<p class=\"has-text-align-center has-vivid-red-color has-text-color\"><strong>Maroc-UE<\/strong><\/p>\n<p class=\"has-vivid-cyan-blue-color has-text-color\"><strong>Le Maroc et l\u2019Union Europ\u00e9enne (UE) ont sign\u00e9, jeudi \u00e0 Rabat, le document relatif au projet \u00ab\u00a0LINK UP AFRICA\u00a0\u00bb, le premier de son genre dans le cadre du Partenariat entre le Royaume et l\u2019UE.<\/strong><\/p>\n<p>Sign\u00e9 par le ministre des Affaires \u00e9trang\u00e8res, de la Coop\u00e9ration Africaine et des Marocains r\u00e9sidant \u00e0 l\u2019\u00e9tranger, Nasser Bourita, et le Commissaire europ\u00e9en charg\u00e9 du voisinage et de l\u2019\u00e9largissement, Oliver Varhelyi, \u00e0 l\u2019issue de leurs entretiens bilat\u00e9raux, ce projet s\u2019appuie sur la priorit\u00e9 donn\u00e9e par le Royaume et l\u2019UE au d\u00e9veloppement de la coop\u00e9ration avec l\u2019Afrique, en s\u2019appuyant sur une approche de coop\u00e9ration triangulaire Maroc-UE au profit des Etats africains, et sur un faisceau d\u2019actions convergentes men\u00e9es par diff\u00e9rents acteurs marocains.<\/p>\n<p>Ce projet, qui implique principalement l\u2019Agence Marocaine de Coop\u00e9ration Internationale (AMCI) et l\u2019Agence belge de coop\u00e9ration \u00ab\u00a0ENABEL\u00a0\u00bb, d\u00e9sign\u00e9e comme partenaire d\u2019ex\u00e9cution, donne \u00e9galement la priorit\u00e9 \u00e0 l\u2019emploi, l\u2019int\u00e9gration socio-\u00e9conomique et la citoyennet\u00e9 des jeunes ayant b\u00e9n\u00e9fici\u00e9 du savoir-faire marocain, ainsi qu\u2019\u00e0 la mobilit\u00e9 intra-africaine et son apport au d\u00e9veloppement du Continent.<\/p>\n<p>\u00c9tendu sur une p\u00e9riode de quatre ans, il s\u2019articule autour de deux projets compl\u00e9mentaires d\u2019un budget de 4,15 millions d\u2019euros. Le premier est une action qui b\u00e9n\u00e9ficiera de l\u2019enveloppe bilat\u00e9rale UE-Maroc financ\u00e9e par l\u2019instrument europ\u00e9en de voisinage (uniquement d\u00e9di\u00e9e \u00e0 l\u2019AMCI) de l\u2019ordre de 3,15 millions d\u2019euros.<\/p>\n<p>Quant au second projet (1 million d\u2019euro), il compl\u00e8te un programme pr\u00e9existant de l\u2019UE et vise \u00e0 appuyer la CCG en faveur de l\u2019entreprenariat et l\u2019innovation au Maroc et dans les pays du r\u00e9seau africain des institutions de garantie.<\/p>\n<p>\u00ab\u00a0LINK UP AFRICA\u00a0\u00bb a pour objectif principal de renforcer la coop\u00e9ration technique, les liens acad\u00e9miques et \u00e9conomiques entre le Maroc et d\u2019autres pays d\u2019Afrique, avec la participation de l\u2019UE et \u00e0 travers un accent mis sur le d\u00e9veloppement des opportunit\u00e9s \u00e9conomiques pour les jeunes africains.<\/p>\n<p>Cet objectif se d\u00e9cline en deux actions, \u00e0 savoir le renforcement des capacit\u00e9s de l\u2019AMCI pour la mise en \u0153uvre de ses objectifs de coop\u00e9ration acad\u00e9mique et technique, et la consolidation des opportunit\u00e9s d\u2019emplois et des liens \u00e9conomiques pour les laur\u00e9ats africains d\u2019un dipl\u00f4me marocain (boursiers de l\u2019AMCI ou non).<\/p>\n<p>Ledit projet permettra un renforcement des capacit\u00e9s de l\u2019AMCI \u00e0 travers une action sur son offre de coop\u00e9ration technique et acad\u00e9mique, un soutien \u00e0 la consolidation du fonctionnement et des performances de l\u2019AMCI, une am\u00e9lioration des m\u00e9canismes d\u2019appui \u00e0 la coop\u00e9ration triangulaire, \u00e0 travers leur op\u00e9rationnalisation et leur accessibilit\u00e9, et la mise en place de m\u00e9canismes de s\u00e9lection et r\u00e9f\u00e9rencement des \u00e9tudiants porteurs d\u2019initiatives \u00e9conomiques viables.<\/p>\n<p>Il permettra aussi une offre d\u2019outils et de services adapt\u00e9s pour favoriser l\u2019acc\u00e8s \u00e0 l\u2019emploi et\/ou les projets de cr\u00e9ation d\u2019entreprises, la formation de certains laur\u00e9ats, en relation avec leur projet professionnel et un accompagnement des entreprises innovantes (startups) port\u00e9es par les laur\u00e9ats africains.<\/p>\n<p>L\u2019article <a rel=\"nofollow\" href=\"http:\/\/albayane.press.ma\/signature-a-rabat-du-document-relatif-au-projet-link-up-africa.html\">Signature \u00e0 Rabat du document relatif au projet \u00abLINK UP AFRICA\u00bb<\/a> est apparu en premier sur <a rel=\"nofollow\" href=\"http:\/\/albayane.press.ma\/\">ALBAYANE<\/a>.<\/p>\n<\/div>\n<p>Auteur: M&rsquo;hammed rahal<br \/>\n<a href=\"http:\/\/albayane.press.ma\/signature-a-rabat-du-document-relatif-au-projet-link-up-africa.html\">Cliquez ici pour lire l&rsquo;article depuis sa source.<\/a><\/p>\n","protected":false},"excerpt":{"rendered":"<p>Maroc-UE Le Maroc et l\u2019Union Europ\u00e9enne (UE) ont sign\u00e9, jeudi \u00e0 Rabat, le document relatif au projet \u00ab\u00a0LINK UP AFRICA\u00a0\u00bb, le premier de son genre dans le cadre du Partenariat entre le Royaume et l\u2019UE. Sign\u00e9 par le ministre des Affaires \u00e9trang\u00e8res, de la Coop\u00e9ration Africaine et des Marocains r\u00e9sidant \u00e0 l\u2019\u00e9tranger, Nasser Bourita, et [&hellip;]<\/p>\n","protected":false},"author":1760,"featured_media":0,"comment_status":"closed","ping_status":"closed","sticky":false,"template":"","format":"standard","meta":{"fifu_image_url":"","fifu_image_alt":"","footnotes":""},"categories":[73,54],"tags":[],"class_list":["post-142996","post","type-post","status-publish","format-standard","hentry","category-actualite","category-maroc"],"_links":{"self":[{"href":"https:\/\/linitiative.ca\/International\/wp-json\/wp\/v2\/posts\/142996","targetHints":{"allow":["GET"]}}],"collection":[{"href":"https:\/\/linitiative.ca\/International\/wp-json\/wp\/v2\/posts"}],"about":[{"href":"https:\/\/linitiative.ca\/International\/wp-json\/wp\/v2\/types\/post"}],"author":[{"embeddable":true,"href":"https:\/\/linitiative.ca\/International\/wp-json\/wp\/v2\/users\/1760"}],"replies":[{"embeddable":true,"href":"https:\/\/linitiative.ca\/International\/wp-json\/wp\/v2\/comments?post=142996"}],"version-history":[{"count":0,"href":"https:\/\/linitiative.ca\/International\/wp-json\/wp\/v2\/posts\/142996\/revisions"}],"wp:attachment":[{"href":"https:\/\/linitiative.ca\/International\/wp-json\/wp\/v2\/media?parent=142996"}],"wp:term":[{"taxonomy":"category","embeddable":true,"href":"https:\/\/linitiative.ca\/International\/wp-json\/wp\/v2\/categories?post=142996"},{"taxonomy":"post_tag","embeddable":true,"href":"https:\/\/linitiative.ca\/International\/wp-json\/wp\/v2\/tags?post=142996"}],"curies":[{"name":"wp","href":"https:\/\/api.w.org\/{rel}","templated":true}]}}