{"id":142997,"date":"2022-03-13T10:12:24","date_gmt":"2022-03-13T14:12:24","guid":{"rendered":"https:\/\/linitiative.ca\/International\/le-cinema-historique-alcazar-rouvre-ses-portes\/"},"modified":"2022-03-13T10:12:24","modified_gmt":"2022-03-13T14:12:24","slug":"le-cinema-historique-alcazar-rouvre-ses-portes","status":"publish","type":"post","link":"https:\/\/linitiative.ca\/International\/le-cinema-historique-alcazar-rouvre-ses-portes\/","title":{"rendered":"Le Cin\u00e9ma historique \u00abAlcazar\u00bb rouvre ses portes"},"content":{"rendered":"<div>\n<p class=\"has-text-align-center has-vivid-red-color has-text-color\"><strong>M\u00e9dina de Tanger<\/strong><\/p>\n<p class=\"has-text-color\" style=\"color:#0657e5\"><strong>Le Cin\u00e9ma historique \u00ab\u00a0Alcazar\u00a0\u00bb, situ\u00e9 dans l\u2019ancienne m\u00e9dina de Tanger, a rouvert, lundi soir, ses portes, apr\u00e8s des travaux de r\u00e9habilitation et de valorisation qui ont permis \u00e0 ce joyau artistique de retrouver sa splendeur et son lustre d\u2019antan.<\/strong><\/p>\n<p>Le cin\u00e9ma \u00ab\u00a0Alcazar\u00a0\u00bb, inaugur\u00e9 en pr\u00e9sence du secr\u00e9taire g\u00e9n\u00e9ral de la Wilaya de Tanger, Habib Al Alami, du directeur r\u00e9gional de la culture, Kamal Ben Laymoun, et nombre de responsables et acteurs culturels, est situ\u00e9 \u00e0 proximit\u00e9 de la place du 9 avril (Souk Barra), pr\u00e8s de la rue d\u2019Italie qui s\u2019\u00e9tend de Bab El Fahs \u00e0 Bab Kasbah.<\/p>\n<p>Les travaux de r\u00e9habilitation ont port\u00e9 sur la restauration du b\u00e2timent, de la fa\u00e7ade et de la salle de projection principale, en plus de l\u2019acquisition d\u2019\u00e9quipements modernes pour la projection de films, et l\u2019am\u00e9nagement d\u2019un espace d\u2019exposition des instruments cin\u00e9matographiques antiques et d\u2019anciennes affiches des plus grands films du cin\u00e9ma mondial qui ont \u00e9t\u00e9 projet\u00e9s dans cette salle de cin\u00e9ma.<\/p>\n<p>Dans une d\u00e9claration \u00e0 M24, la cha\u00eene d\u2019information en continu de la MAP, la cheffe de projet charg\u00e9e du programme de r\u00e9habilitation et de valorisation de la m\u00e9dina de Tanger au sein de l\u2019Agence pour la promotion et le d\u00e9veloppement du Nord (APDN), Hajar Mzibra, a soulign\u00e9 que l\u2019Agence a proc\u00e9d\u00e9, en collaboration avec les diff\u00e9rents partenaires, notamment la wilaya de la r\u00e9gion, \u00e0 la r\u00e9habilitation et la valorisation du Cin\u00e9ma \u00ab\u00a0Alcazar\u00a0\u00bb, qui constitue un joyau patrimonial, d\u2019une valeur artistique et historique exceptionnelle, notant que ce projet s\u2019inscrit dans le cadre du programme de r\u00e9habilitation et de valorisation de l\u2019ancienne m\u00e9dina de Tanger.<\/p>\n<p>La responsable a pr\u00e9cis\u00e9 que ce projet, dot\u00e9 d\u2019une enveloppe budg\u00e9taire de 8 millions de dirhams (MDH), a port\u00e9 sur la restauration du b\u00e2timent et son \u00e9quipement en nouvelles technologies, dans le but \u00ab\u00a0d\u2019attirer le public tang\u00e9rois vers le 7\u00e8 art et \u00e0 transformer la salle en cin\u00e9ma de quartier, notamment pour les jeunes de la m\u00e9dina de Tanger\u00a0\u00bb.<\/p>\n<p>Pour sa part, la pr\u00e9sidente de l\u2019Association \u00ab\u00a0Tanger films\u00a0\u00bb charg\u00e9e de la gestion de la salle, Souad Rahmouni, a indiqu\u00e9 que le cin\u00e9ma \u00ab\u00a0Alcazar\u00a0\u00bb reprend vie, gr\u00e2ce aux efforts d\u00e9ploy\u00e9s par plusieurs acteurs, avec \u00e0 leur t\u00eate la Wilaya de la r\u00e9gion, le d\u00e9partement de la Culture, l\u2019APDN et la Commune de Tanger, qui ont permis \u00e0 cette salle de retrouver son charme et sa splendeur d\u2019antan.<\/p>\n<p>A travers un programme \u00e9ducatif et social int\u00e9gr\u00e9, l\u2019association \u0153uvrera \u00e0 reconqu\u00e9rir le public, notamment les enfants et les jeunes, afin de leur permettre de d\u00e9couvrir le monde du cin\u00e9ma, et d\u00e9velopper leur sens critique et leurs connaissances du 7\u00e8 art, a-t-elle affirm\u00e9, ajoutant que l\u2019association entend proposer une programmation attractive de films du cin\u00e9ma mondial, arabe et marocain, afin de donner \u00e0 la salle la place qui lui \u00e9choit en tant qu\u2019espace de rayonnement cin\u00e9matographique \u00e0 Tanger et dans la r\u00e9gion.<\/p>\n<p>M\u00eame s\u2019il s\u2019agit d\u2019une petite salle, le cin\u00e9ma \u00ab\u00a0Alcazar\u00a0\u00bb a une grande valeur historique et artistique, et reste toujours pr\u00e9sent dans la m\u00e9moire des Tang\u00e9rois et de tous ceux qui ont v\u00e9cu dans cette ville ou l\u2019ont visit\u00e9e, a-t-elle relev\u00e9, ajoutant \u00ab\u00a0nous sommes engag\u00e9s \u00e0 redonner un coup d\u2019\u00e9clat \u00e0 ce monument\u00a0\u00bb.<\/p>\n<p>Le cin\u00e9ma \u00ab\u00a0Alcazar\u00a0\u00bb, inaugur\u00e9 au d\u00e9but du XXe si\u00e8cle, est l\u2019une des 3 premi\u00e8res salles de cin\u00e9ma de Tanger, aux c\u00f4t\u00e9s de celles de \u00ab\u00a0Vox\u00a0\u00bb et \u00ab\u00a0Capitol\u00a0\u00bb. Ces salles \u00e9taient consid\u00e9r\u00e9es \u00e9galement comme des \u00e9coles du cin\u00e9ma.<\/p>\n<p>L\u2019article <a rel=\"nofollow\" href=\"http:\/\/albayane.press.ma\/le-cinema-historique-alcazar-rouvre-ses-portes.html\">Le Cin\u00e9ma historique \u00abAlcazar\u00bb rouvre ses portes<\/a> est apparu en premier sur <a rel=\"nofollow\" href=\"http:\/\/albayane.press.ma\/\">ALBAYANE<\/a>.<\/p>\n<\/div>\n<p>Auteur: M&rsquo;hammed rahal<br \/>\n<a href=\"http:\/\/albayane.press.ma\/le-cinema-historique-alcazar-rouvre-ses-portes.html\">Cliquez ici pour lire l&rsquo;article depuis sa source.<\/a><\/p>\n","protected":false},"excerpt":{"rendered":"<p>M\u00e9dina de Tanger Le Cin\u00e9ma historique \u00ab\u00a0Alcazar\u00a0\u00bb, situ\u00e9 dans l\u2019ancienne m\u00e9dina de Tanger, a rouvert, lundi soir, ses portes, apr\u00e8s des travaux de r\u00e9habilitation et de valorisation qui ont permis \u00e0 ce joyau artistique de retrouver sa splendeur et son lustre d\u2019antan. Le cin\u00e9ma \u00ab\u00a0Alcazar\u00a0\u00bb, inaugur\u00e9 en pr\u00e9sence du secr\u00e9taire g\u00e9n\u00e9ral de la Wilaya de [&hellip;]<\/p>\n","protected":false},"author":1760,"featured_media":0,"comment_status":"closed","ping_status":"closed","sticky":false,"template":"","format":"standard","meta":{"fifu_image_url":"","fifu_image_alt":"","footnotes":""},"categories":[73,54],"tags":[],"class_list":["post-142997","post","type-post","status-publish","format-standard","hentry","category-actualite","category-maroc"],"_links":{"self":[{"href":"https:\/\/linitiative.ca\/International\/wp-json\/wp\/v2\/posts\/142997","targetHints":{"allow":["GET"]}}],"collection":[{"href":"https:\/\/linitiative.ca\/International\/wp-json\/wp\/v2\/posts"}],"about":[{"href":"https:\/\/linitiative.ca\/International\/wp-json\/wp\/v2\/types\/post"}],"author":[{"embeddable":true,"href":"https:\/\/linitiative.ca\/International\/wp-json\/wp\/v2\/users\/1760"}],"replies":[{"embeddable":true,"href":"https:\/\/linitiative.ca\/International\/wp-json\/wp\/v2\/comments?post=142997"}],"version-history":[{"count":0,"href":"https:\/\/linitiative.ca\/International\/wp-json\/wp\/v2\/posts\/142997\/revisions"}],"wp:attachment":[{"href":"https:\/\/linitiative.ca\/International\/wp-json\/wp\/v2\/media?parent=142997"}],"wp:term":[{"taxonomy":"category","embeddable":true,"href":"https:\/\/linitiative.ca\/International\/wp-json\/wp\/v2\/categories?post=142997"},{"taxonomy":"post_tag","embeddable":true,"href":"https:\/\/linitiative.ca\/International\/wp-json\/wp\/v2\/tags?post=142997"}],"curies":[{"name":"wp","href":"https:\/\/api.w.org\/{rel}","templated":true}]}}