{"id":142999,"date":"2022-03-13T07:00:00","date_gmt":"2022-03-13T11:00:00","guid":{"rendered":"https:\/\/linitiative.ca\/International\/lultime-reconnaissance-envers-yemma-gouraya\/"},"modified":"2022-03-13T07:00:00","modified_gmt":"2022-03-13T11:00:00","slug":"lultime-reconnaissance-envers-yemma-gouraya","status":"publish","type":"post","link":"https:\/\/linitiative.ca\/International\/lultime-reconnaissance-envers-yemma-gouraya\/","title":{"rendered":"L\u2019ultime reconnaissance envers Yemma Gouraya"},"content":{"rendered":"<div>\u201cRedevable envers elle.\u201d Tel est le ma\u00eetre-mot que Karim Youn\u00e8s a voulu user tout au long de son dernier livre, intitul\u00e9 B\u00e9ja\u00efa, pass\u00e9, pr\u00e9sent. Pour son \u201cultime sursaut\u201d, \u201cavide\u201d de vouer sa reconnaissance \u00e0 Yemma Gouraya<\/div>\n<p>Auteur:<br \/>\n<a href=\"https:\/\/www.liberte-algerie.com\/radar\/lultime-reconnaissance-envers-yemma-gouraya-374786\">Cliquez ici pour lire l&rsquo;article depuis sa source.<\/a><\/p>\n","protected":false},"excerpt":{"rendered":"<p>\u201cRedevable envers elle.\u201d Tel est le ma\u00eetre-mot que Karim Youn\u00e8s a voulu user tout au long de son dernier livre, intitul\u00e9 B\u00e9ja\u00efa, pass\u00e9, pr\u00e9sent. Pour son \u201cultime sursaut\u201d, \u201cavide\u201d de vouer sa reconnaissance \u00e0 Yemma Gouraya Auteur: Cliquez ici pour lire l&rsquo;article depuis sa source.<\/p>\n","protected":false},"author":1742,"featured_media":0,"comment_status":"closed","ping_status":"closed","sticky":false,"template":"","format":"standard","meta":{"fifu_image_url":"","fifu_image_alt":"","footnotes":""},"categories":[73,53],"tags":[],"class_list":["post-142999","post","type-post","status-publish","format-standard","hentry","category-actualite","category-algerie"],"_links":{"self":[{"href":"https:\/\/linitiative.ca\/International\/wp-json\/wp\/v2\/posts\/142999","targetHints":{"allow":["GET"]}}],"collection":[{"href":"https:\/\/linitiative.ca\/International\/wp-json\/wp\/v2\/posts"}],"about":[{"href":"https:\/\/linitiative.ca\/International\/wp-json\/wp\/v2\/types\/post"}],"author":[{"embeddable":true,"href":"https:\/\/linitiative.ca\/International\/wp-json\/wp\/v2\/users\/1742"}],"replies":[{"embeddable":true,"href":"https:\/\/linitiative.ca\/International\/wp-json\/wp\/v2\/comments?post=142999"}],"version-history":[{"count":0,"href":"https:\/\/linitiative.ca\/International\/wp-json\/wp\/v2\/posts\/142999\/revisions"}],"wp:attachment":[{"href":"https:\/\/linitiative.ca\/International\/wp-json\/wp\/v2\/media?parent=142999"}],"wp:term":[{"taxonomy":"category","embeddable":true,"href":"https:\/\/linitiative.ca\/International\/wp-json\/wp\/v2\/categories?post=142999"},{"taxonomy":"post_tag","embeddable":true,"href":"https:\/\/linitiative.ca\/International\/wp-json\/wp\/v2\/tags?post=142999"}],"curies":[{"name":"wp","href":"https:\/\/api.w.org\/{rel}","templated":true}]}}