{"id":143000,"date":"2022-03-13T07:00:00","date_gmt":"2022-03-13T11:00:00","guid":{"rendered":"https:\/\/linitiative.ca\/International\/le-role-capital-du-medecin-generaliste\/"},"modified":"2022-03-13T07:00:00","modified_gmt":"2022-03-13T11:00:00","slug":"le-role-capital-du-medecin-generaliste","status":"publish","type":"post","link":"https:\/\/linitiative.ca\/International\/le-role-capital-du-medecin-generaliste\/","title":{"rendered":"Le r\u00f4le capital du m\u00e9decin g\u00e9n\u00e9raliste"},"content":{"rendered":"<div>Des m\u00e9decins estiment que le coronavirus ne doit pas faire de l\u2019ombre \u00e0 d\u2019autres pathologies, surtout broncho-pulmonaires, comme c\u2019est le cas par exemple des cancers de cette partie du corps.<\/div>\n<p>Auteur:<br \/>\n<a href=\"https:\/\/www.liberte-algerie.com\/actualite\/le-role-capital-du-medecin-generaliste-374785\">Cliquez ici pour lire l&rsquo;article depuis sa source.<\/a><\/p>\n","protected":false},"excerpt":{"rendered":"<p>Des m\u00e9decins estiment que le coronavirus ne doit pas faire de l\u2019ombre \u00e0 d\u2019autres pathologies, surtout broncho-pulmonaires, comme c\u2019est le cas par exemple des cancers de cette partie du corps. Auteur: Cliquez ici pour lire l&rsquo;article depuis sa source.<\/p>\n","protected":false},"author":1742,"featured_media":0,"comment_status":"closed","ping_status":"closed","sticky":false,"template":"","format":"standard","meta":{"fifu_image_url":"","fifu_image_alt":"","footnotes":""},"categories":[73,53],"tags":[],"class_list":["post-143000","post","type-post","status-publish","format-standard","hentry","category-actualite","category-algerie"],"_links":{"self":[{"href":"https:\/\/linitiative.ca\/International\/wp-json\/wp\/v2\/posts\/143000","targetHints":{"allow":["GET"]}}],"collection":[{"href":"https:\/\/linitiative.ca\/International\/wp-json\/wp\/v2\/posts"}],"about":[{"href":"https:\/\/linitiative.ca\/International\/wp-json\/wp\/v2\/types\/post"}],"author":[{"embeddable":true,"href":"https:\/\/linitiative.ca\/International\/wp-json\/wp\/v2\/users\/1742"}],"replies":[{"embeddable":true,"href":"https:\/\/linitiative.ca\/International\/wp-json\/wp\/v2\/comments?post=143000"}],"version-history":[{"count":0,"href":"https:\/\/linitiative.ca\/International\/wp-json\/wp\/v2\/posts\/143000\/revisions"}],"wp:attachment":[{"href":"https:\/\/linitiative.ca\/International\/wp-json\/wp\/v2\/media?parent=143000"}],"wp:term":[{"taxonomy":"category","embeddable":true,"href":"https:\/\/linitiative.ca\/International\/wp-json\/wp\/v2\/categories?post=143000"},{"taxonomy":"post_tag","embeddable":true,"href":"https:\/\/linitiative.ca\/International\/wp-json\/wp\/v2\/tags?post=143000"}],"curies":[{"name":"wp","href":"https:\/\/api.w.org\/{rel}","templated":true}]}}