{"id":143003,"date":"2022-03-13T12:55:23","date_gmt":"2022-03-13T16:55:23","guid":{"rendered":"https:\/\/linitiative.ca\/International\/changement-climatique-plaidoyer-pour-limplication-des-jeunes\/"},"modified":"2022-03-13T12:55:23","modified_gmt":"2022-03-13T16:55:23","slug":"changement-climatique-plaidoyer-pour-limplication-des-jeunes","status":"publish","type":"post","link":"https:\/\/linitiative.ca\/International\/changement-climatique-plaidoyer-pour-limplication-des-jeunes\/","title":{"rendered":"Changement climatique: Plaidoyer pour l\u2019implication des jeunes"},"content":{"rendered":"<div>\n<div style=\"margin-bottom:20px;\"><img loading=\"lazy\" decoding=\"async\" width=\"750\" height=\"430\" src=\"https:\/\/linitiative.ca\/International\/wp-content\/uploads\/sites\/23\/2022\/03\/Erasmus.jpg\" class=\"attachment-post-thumbnail size-post-thumbnail wp-post-image\" alt=\"\" srcset=\"https:\/\/linitiative.ca\/International\/wp-content\/uploads\/sites\/23\/2022\/03\/Erasmus.jpg 750w, https:\/\/www.mapmarrakech.ma\/map\/uploads\/2022\/03\/Erasmus-300x172.jpg 300w\" sizes=\"auto, (max-width: 750px) 100vw, 750px\"><\/div>\n<p>Initi\u00e9 par le Network EVE EUROMED France et l\u2019organisation \u00ab\u00a0Moroccan Young Diplomats\u00a0\u00bb en collaboration avec l\u2019Office National de\u00a0ERASMUS+ au Maroc et le minist\u00e8re de la Jeunesse, de la Culture et de la Communication, cette rencontre s\u2019inscrit dans le cadre du programme\u00a0Erasmus+ de la Commission Europ\u00e9enne, visant \u00e0 traiter et \u00e0 \u00e9changer de bonnes pratiques sur l\u2019importance de la collaboration Maroc-Europe dans le domaine culturelle et de la jeunesse.<\/p>\n<p>\u00ab\u00a0Cet \u00e9v\u00e9nement a pour objectif de mettre ensemble des jeunes issus de quatre pays \u00e0 savoir : le Maroc, l\u2019Italie, la Roumanie et la France, pour discuter du changement climatique et se mobiliser pour exiger une action imm\u00e9diate contre ce fl\u00e9au qui touche toutes les r\u00e9gions du monde\u00a0\u00bb, a soulign\u00e9 M. Alessio Cappellani, Chef adjoint de la D\u00e9l\u00e9gation de l\u2019Union Europ\u00e9enne (UE) au Maroc, dans une d\u00e9claration \u00e0 M24, la cha\u00eene t\u00e9l\u00e9vis\u00e9e de l\u2019information en continu de la MAP.<\/p>\n<p>Faisant savoir que cette rencontre s\u2019ins\u00e8re \u00e9galement dans le cadre du \u00ab\u00a0partenariat vert\u00a0\u00bb entre le Maroc et l\u2019Union Europ\u00e9enne visant \u00e0 renforcer la coop\u00e9ration \u00e9nerg\u00e9tique et la lutte contre le r\u00e9chauffement climatique, M. Cappellani a mis en exergue l\u2019importance de la sensibilisation et de l\u2019implication des jeunes dans ce processus, en tant \u00e0 la fois qu\u2019acteurs du changement, entrepreneurs et innovateurs.<\/p>\n<p>Pour sa part, M. Issam Regragui Soussi, chef du projet au Network EVE EUROMED France, a indiqu\u00e9 que cette rencontre permet un \u00e9change entre les jeunes sur les moyens \u00e0 m\u00eame de lutter contre le changement climatique, annon\u00e7ant le lancement imminent d\u2019une campagne de grande envergure pour sensibiliser la population locale \u00e0 cette th\u00e9matique, afin d\u2019avoir un grand impact sur la pr\u00e9servation de l\u2019environnement au Maroc et en Europe.<\/p>\n<p>\u00ab\u00a0C\u2019est \u00e9galement une opportunit\u00e9 de partage culturel entre les jeunes du Maroc et de l\u2019Union Europ\u00e9enne, ce qui nous nous offre l\u2019opportunit\u00e9 de contribuer \u00e0 la paix et \u00e0 la prosp\u00e9rit\u00e9 mondiales\u00a0\u00bb, a-t-il relev\u00e9, affirmant que \u00ab\u00a0le partage culturel est tr\u00e8s important pour la promotion de la paix dans le monde\u00a0\u00bb.<\/p>\n<p>De son c\u00f4t\u00e9, Mme. Latifa Daadaoui, Directrice du bureau national de\u00a0Erasmus+ Maroc, a soulign\u00e9 que cette rencontre constitue le lancement du projet \u00ab\u00a0Eco-Thinkers\u00a0\u00bb, dont l\u2019objectif est de mettre en place un \u00e9change entre les jeunes pour les former \u00e0 penser \u00e9cologiquement, \u00e0 agir pour la pr\u00e9servation de l\u2019environnement, \u00e0 lutter contre le changement climatique, ainsi qu\u2019\u00e0 promouvoir une culture \u00e9cologique.<\/p>\n<p>\u00ab\u00a0L\u2019id\u00e9e du projet est \u00e9galement de cr\u00e9er un \u00eelot d\u2019\u00e9change entre les jeunes pour discuter des probl\u00e9matiques qui les concernent\u00a0\u00bb, a-t-elle fait remarquer, ajoutant que la jeunesse, qu\u2019elle soit marocaine ou europ\u00e9enne, est confront\u00e9e aux m\u00eames probl\u00e9matiques et aux m\u00eames d\u00e9fis.<\/p>\n<p>Cette rencontre a connu la participation de plus de 50 jeunes s\u00e9lectionn\u00e9s de quatre pays (Maroc, Italie, Roumanie et France), d\u2019un ar\u00e9opage de diplomates europ\u00e9ens accr\u00e9dit\u00e9s au Maroc, outre des acteurs politiques et civils.<\/p>\n<p>Le Forum Maroc-Europ\u00e9en de la Jeunesse vise \u00e0 cr\u00e9er un espace de dialogue et d\u2019\u00e9change d\u2019exp\u00e9riences entre les instances diplomatiques europ\u00e9ennes au Maroc et les diff\u00e9rents jeunes s\u00e9lectionn\u00e9s issus des quatre pays europ\u00e9ens, \u00e9galement pour un \u00e9change de bonnes pratiques entre les jeunes et des diff\u00e9rents acteurs de la soci\u00e9t\u00e9 civile et de la sc\u00e8ne politique marocaine.<\/p>\n<p>Le Forum est une formule originale qui permet de constituer un r\u00e9seau favorable \u00e0 la diffusion des cultures \u00e9trang\u00e8res et de l\u2019influence diplomatique aux jeunes Marocains et Europ\u00e9ens.<\/p>\n<p>Via cette initiative, les diff\u00e9rentes parties prenantes marocaine et \u00e9trang\u00e8re apportent leurs expertises aupr\u00e8s des jeunes, dans l\u2019optique de promouvoir les valeurs, les d\u00e9bats d\u2019id\u00e9es, les jumelages entre les cultures et le transfert de savoir-faire.<\/p>\n<p>The post <a rel=\"nofollow\" href=\"https:\/\/www.mapmarrakech.ma\/fr\/plaidoyer-pour-limplication-des-jeunes-dans-la-lutte-contre-le-changement-climatique\/\">Changement climatique: Plaidoyer pour l\u2019implication des jeunes<\/a> appeared first on <a rel=\"nofollow\" href=\"https:\/\/www.mapmarrakech.ma\/fr\">MapMarrakech<\/a>.<\/p>\n<\/div>\n<p>Auteur: Mohammed KOURSI<br \/>\n<a href=\"https:\/\/www.mapmarrakech.ma\/fr\/plaidoyer-pour-limplication-des-jeunes-dans-la-lutte-contre-le-changement-climatique\/\">Cliquez ici pour lire l&rsquo;article depuis sa source.<\/a><\/p>\n","protected":false},"excerpt":{"rendered":"<p>Initi\u00e9 par le Network EVE EUROMED France et l\u2019organisation \u00ab\u00a0Moroccan Young Diplomats\u00a0\u00bb en collaboration avec l\u2019Office National de\u00a0ERASMUS+ au Maroc et le minist\u00e8re de la Jeunesse, de la Culture et de la Communication, cette rencontre s\u2019inscrit dans le cadre du programme\u00a0Erasmus+ de la Commission Europ\u00e9enne, visant \u00e0 traiter et \u00e0 \u00e9changer de bonnes pratiques sur [&hellip;]<\/p>\n","protected":false},"author":1788,"featured_media":0,"comment_status":"closed","ping_status":"closed","sticky":false,"template":"","format":"standard","meta":{"fifu_image_url":"https:\/\/www.mapmarrakech.ma\/map\/uploads\/2022\/03\/Erasmus.jpg","fifu_image_alt":"Changement climatique: Plaidoyer pour l\u2019implication des jeunes","footnotes":""},"categories":[54,76],"tags":[],"class_list":["post-143003","post","type-post","status-publish","format-standard","hentry","category-maroc","category-regions"],"_links":{"self":[{"href":"https:\/\/linitiative.ca\/International\/wp-json\/wp\/v2\/posts\/143003","targetHints":{"allow":["GET"]}}],"collection":[{"href":"https:\/\/linitiative.ca\/International\/wp-json\/wp\/v2\/posts"}],"about":[{"href":"https:\/\/linitiative.ca\/International\/wp-json\/wp\/v2\/types\/post"}],"author":[{"embeddable":true,"href":"https:\/\/linitiative.ca\/International\/wp-json\/wp\/v2\/users\/1788"}],"replies":[{"embeddable":true,"href":"https:\/\/linitiative.ca\/International\/wp-json\/wp\/v2\/comments?post=143003"}],"version-history":[{"count":0,"href":"https:\/\/linitiative.ca\/International\/wp-json\/wp\/v2\/posts\/143003\/revisions"}],"wp:attachment":[{"href":"https:\/\/linitiative.ca\/International\/wp-json\/wp\/v2\/media?parent=143003"}],"wp:term":[{"taxonomy":"category","embeddable":true,"href":"https:\/\/linitiative.ca\/International\/wp-json\/wp\/v2\/categories?post=143003"},{"taxonomy":"post_tag","embeddable":true,"href":"https:\/\/linitiative.ca\/International\/wp-json\/wp\/v2\/tags?post=143003"}],"curies":[{"name":"wp","href":"https:\/\/api.w.org\/{rel}","templated":true}]}}