{"id":143023,"date":"2022-03-13T08:51:16","date_gmt":"2022-03-13T12:51:16","guid":{"rendered":"https:\/\/linitiative.ca\/International\/les-etats-unis-accordent-une-derogation-a-la-cooperation-de-defense-avec-le-maroc\/"},"modified":"2022-03-13T08:51:16","modified_gmt":"2022-03-13T12:51:16","slug":"les-etats-unis-accordent-une-derogation-a-la-cooperation-de-defense-avec-le-maroc","status":"publish","type":"post","link":"https:\/\/linitiative.ca\/International\/les-etats-unis-accordent-une-derogation-a-la-cooperation-de-defense-avec-le-maroc\/","title":{"rendered":"Les \u00c9tats-Unis accordent une d\u00e9rogation \u00e0 la coop\u00e9ration de d\u00e9fense avec le Maroc"},"content":{"rendered":"<div><img decoding=\"async\" width=\"670\" height=\"395\" src=\"https:\/\/www.challenge.ma\/wp-content\/uploads\/2022\/03\/USA.webp\" class=\"attachment-post-thumbnail size-post-thumbnail wp-post-image\" alt=\"\" loading=\"lazy\" srcset=\"https:\/\/www.challenge.ma\/wp-content\/uploads\/2022\/03\/USA.webp 670w, https:\/\/www.challenge.ma\/wp-content\/uploads\/2022\/03\/USA-300x177.webp 300w, https:\/\/www.challenge.ma\/wp-content\/uploads\/2022\/03\/USA-360x212.webp 360w\" sizes=\"auto, (max-width: 670px) 100vw, 670px\" itemprop=\"image\">\u00abLe secr\u00e9taire \u00e0 la D\u00e9fense vient de signer une d\u00e9rogation qui permet au Commandement am\u00e9ricain pour l\u2019Afrique de poursuivre sa coop\u00e9ration et sa formation avec le Maroc\u00bb. C\u2019est ce qu\u2019a d\u00e9clar\u00e9 Bardha Azari, porte-parole du Commandement am\u00e9ricain pour l\u2019Afrique, au m\u00e9dia Middle East Eye.\u00a0 Les d\u00e9tails. Les \u00c9tats-Unis renforcent davantage<\/div>\n<p>Auteur: challenge<br \/>\n<a href=\"https:\/\/www.challenge.ma\/les-etats-unis-accordent-une-derogation-a-la-cooperation-de-defense-avec-le-maroc-234337\/\">Cliquez ici pour lire l&rsquo;article depuis sa source.<\/a><\/p>\n","protected":false},"excerpt":{"rendered":"<p>\u00abLe secr\u00e9taire \u00e0 la D\u00e9fense vient de signer une d\u00e9rogation qui permet au Commandement am\u00e9ricain pour l\u2019Afrique de poursuivre sa coop\u00e9ration et sa formation avec le Maroc\u00bb. C\u2019est ce qu\u2019a d\u00e9clar\u00e9 Bardha Azari, porte-parole du Commandement am\u00e9ricain pour l\u2019Afrique, au m\u00e9dia Middle East Eye.\u00a0 Les d\u00e9tails. Les \u00c9tats-Unis renforcent davantage Auteur: challenge Cliquez ici pour [&hellip;]<\/p>\n","protected":false},"author":1787,"featured_media":0,"comment_status":"closed","ping_status":"closed","sticky":false,"template":"","format":"standard","meta":{"fifu_image_url":"https:\/\/www.challenge.ma\/wp-content\/uploads\/2022\/03\/USA.webp","fifu_image_alt":"Les \u00c9tats-Unis accordent une d\u00e9rogation \u00e0 la coop\u00e9ration de d\u00e9fense avec le Maroc","footnotes":""},"categories":[78,54],"tags":[],"class_list":["post-143023","post","type-post","status-publish","format-standard","hentry","category-economie","category-maroc"],"_links":{"self":[{"href":"https:\/\/linitiative.ca\/International\/wp-json\/wp\/v2\/posts\/143023","targetHints":{"allow":["GET"]}}],"collection":[{"href":"https:\/\/linitiative.ca\/International\/wp-json\/wp\/v2\/posts"}],"about":[{"href":"https:\/\/linitiative.ca\/International\/wp-json\/wp\/v2\/types\/post"}],"author":[{"embeddable":true,"href":"https:\/\/linitiative.ca\/International\/wp-json\/wp\/v2\/users\/1787"}],"replies":[{"embeddable":true,"href":"https:\/\/linitiative.ca\/International\/wp-json\/wp\/v2\/comments?post=143023"}],"version-history":[{"count":0,"href":"https:\/\/linitiative.ca\/International\/wp-json\/wp\/v2\/posts\/143023\/revisions"}],"wp:attachment":[{"href":"https:\/\/linitiative.ca\/International\/wp-json\/wp\/v2\/media?parent=143023"}],"wp:term":[{"taxonomy":"category","embeddable":true,"href":"https:\/\/linitiative.ca\/International\/wp-json\/wp\/v2\/categories?post=143023"},{"taxonomy":"post_tag","embeddable":true,"href":"https:\/\/linitiative.ca\/International\/wp-json\/wp\/v2\/tags?post=143023"}],"curies":[{"name":"wp","href":"https:\/\/api.w.org\/{rel}","templated":true}]}}