{"id":143026,"date":"2022-03-13T12:06:05","date_gmt":"2022-03-13T16:06:05","guid":{"rendered":"https:\/\/linitiative.ca\/International\/fouzi-lekjaa-le-gouvernement-mobilisera-15-milliards-de-dh-pour-faire-face-a-la-crise\/"},"modified":"2022-03-13T12:06:05","modified_gmt":"2022-03-13T16:06:05","slug":"fouzi-lekjaa-le-gouvernement-mobilisera-15-milliards-de-dh-pour-faire-face-a-la-crise","status":"publish","type":"post","link":"https:\/\/linitiative.ca\/International\/fouzi-lekjaa-le-gouvernement-mobilisera-15-milliards-de-dh-pour-faire-face-a-la-crise\/","title":{"rendered":"Fouzi Lekjaa : \u00ab\u00a0le gouvernement mobilisera 15 milliards de DH pour faire face \u00e0 la crise\u00a0\u00bb"},"content":{"rendered":"<div><img decoding=\"async\" width=\"1000\" height=\"562\" src=\"https:\/\/linitiative.ca\/International\/wp-content\/uploads\/sites\/23\/2022\/03\/bouzi_lekjaa.jpg\" class=\"attachment-post-thumbnail size-post-thumbnail wp-post-image\" alt=\"\" loading=\"lazy\" srcset=\"https:\/\/linitiative.ca\/International\/wp-content\/uploads\/sites\/23\/2022\/03\/bouzi_lekjaa.jpg 1000w, https:\/\/www.challenge.ma\/wp-content\/uploads\/2019\/04\/bouzi_lekjaa-300x169.jpg 300w, https:\/\/www.challenge.ma\/wp-content\/uploads\/2019\/04\/bouzi_lekjaa-768x432.jpg 768w, https:\/\/www.challenge.ma\/wp-content\/uploads\/2019\/04\/bouzi_lekjaa-360x202.jpg 360w, https:\/\/www.challenge.ma\/wp-content\/uploads\/2019\/04\/bouzi_lekjaa-750x422.jpg 750w\" sizes=\"auto, (max-width: 1000px) 100vw, 1000px\" itemprop=\"image\">Invit\u00e9 de l\u2019\u00e9mission \u00ab\u00a0D\u00e9cryptage\u00a0\u00bb diffus\u00e9 ce dimanche 13 mars sur la radio MFM, Fouzi Lekjaa, ministre d\u00e9l\u00e9gu\u00e9 aupr\u00e8s du ministre de l\u2019Economie et des Finances, charg\u00e9 du Budget, est intervenu pour apporter un \u00e9clairage au sujet des d\u00e9fis que traversent le Maroc actuellement. Lekjaa explique que pour faire face \u00e0<\/div>\n<p>Auteur: Mehdi Ouazzani<br \/>\n<a href=\"https:\/\/www.challenge.ma\/fouzi-lekjaa-le-gouvernement-mobilisera-15-milliards-de-dh-pour-faire-face-a-la-crise-234345\/\">Cliquez ici pour lire l&rsquo;article depuis sa source.<\/a><\/p>\n","protected":false},"excerpt":{"rendered":"<p>Invit\u00e9 de l\u2019\u00e9mission \u00ab\u00a0D\u00e9cryptage\u00a0\u00bb diffus\u00e9 ce dimanche 13 mars sur la radio MFM, Fouzi Lekjaa, ministre d\u00e9l\u00e9gu\u00e9 aupr\u00e8s du ministre de l\u2019Economie et des Finances, charg\u00e9 du Budget, est intervenu pour apporter un \u00e9clairage au sujet des d\u00e9fis que traversent le Maroc actuellement. Lekjaa explique que pour faire face \u00e0 Auteur: Mehdi Ouazzani Cliquez ici [&hellip;]<\/p>\n","protected":false},"author":1787,"featured_media":0,"comment_status":"closed","ping_status":"closed","sticky":false,"template":"","format":"standard","meta":{"fifu_image_url":"https:\/\/www.challenge.ma\/wp-content\/uploads\/2019\/04\/bouzi_lekjaa.jpg","fifu_image_alt":"Fouzi Lekjaa : \u00ab\u00a0le gouvernement mobilisera 15 milliards de DH pour faire face \u00e0 la crise\u00a0\u00bb","footnotes":""},"categories":[78,54],"tags":[],"class_list":["post-143026","post","type-post","status-publish","format-standard","hentry","category-economie","category-maroc"],"_links":{"self":[{"href":"https:\/\/linitiative.ca\/International\/wp-json\/wp\/v2\/posts\/143026","targetHints":{"allow":["GET"]}}],"collection":[{"href":"https:\/\/linitiative.ca\/International\/wp-json\/wp\/v2\/posts"}],"about":[{"href":"https:\/\/linitiative.ca\/International\/wp-json\/wp\/v2\/types\/post"}],"author":[{"embeddable":true,"href":"https:\/\/linitiative.ca\/International\/wp-json\/wp\/v2\/users\/1787"}],"replies":[{"embeddable":true,"href":"https:\/\/linitiative.ca\/International\/wp-json\/wp\/v2\/comments?post=143026"}],"version-history":[{"count":0,"href":"https:\/\/linitiative.ca\/International\/wp-json\/wp\/v2\/posts\/143026\/revisions"}],"wp:attachment":[{"href":"https:\/\/linitiative.ca\/International\/wp-json\/wp\/v2\/media?parent=143026"}],"wp:term":[{"taxonomy":"category","embeddable":true,"href":"https:\/\/linitiative.ca\/International\/wp-json\/wp\/v2\/categories?post=143026"},{"taxonomy":"post_tag","embeddable":true,"href":"https:\/\/linitiative.ca\/International\/wp-json\/wp\/v2\/tags?post=143026"}],"curies":[{"name":"wp","href":"https:\/\/api.w.org\/{rel}","templated":true}]}}