{"id":143030,"date":"2022-03-13T15:59:04","date_gmt":"2022-03-13T19:59:04","guid":{"rendered":"https:\/\/linitiative.ca\/International\/covid-19-la-france-a-classe-la-tunisie-en-zone-verte\/"},"modified":"2022-03-13T15:59:04","modified_gmt":"2022-03-13T19:59:04","slug":"covid-19-la-france-a-classe-la-tunisie-en-zone-verte","status":"publish","type":"post","link":"https:\/\/linitiative.ca\/International\/covid-19-la-france-a-classe-la-tunisie-en-zone-verte\/","title":{"rendered":"Covid 19\u00a0: La France a class\u00e9 la Tunisie en zone verte"},"content":{"rendered":"<div>\n<p>Les autorit\u00e9s fran\u00e7aises ont mis \u00e0 jour les listes des pays, en zones de couleurs selon l\u2019extension de la maladie. Suite \u00e0 cette mise \u00e0 jour, la Tunisie se trouve en zone verte, c\u2019est-\u00e0-dire parmi les pays, \u00e0 faible pr\u00e9valence de la maladie. Ce qui veut dire que les passagers se rendant en France, \u00e0 [\u2026]<\/p>\n<p>L\u2019article <a href=\"https:\/\/www.tunisienumerique.com\/covid-19-la-france-a-classe-la-tunisie-en-zone-verte\/\">Covid 19\u00a0: La France a class\u00e9 la Tunisie en zone verte<\/a> est apparu en premier sur <a href=\"https:\/\/www.tunisienumerique.com\/\">Tunisie<\/a>.<\/p>\n<\/div>\n<p>Auteur: LM<br \/>\n<a href=\"https:\/\/www.tunisienumerique.com\/covid-19-la-france-a-classe-la-tunisie-en-zone-verte\/\">Cliquez ici pour lire l&rsquo;article depuis sa source.<\/a><\/p>\n","protected":false},"excerpt":{"rendered":"<p>Les autorit\u00e9s fran\u00e7aises ont mis \u00e0 jour les listes des pays, en zones de couleurs selon l\u2019extension de la maladie. Suite \u00e0 cette mise \u00e0 jour, la Tunisie se trouve en zone verte, c\u2019est-\u00e0-dire parmi les pays, \u00e0 faible pr\u00e9valence de la maladie. Ce qui veut dire que les passagers se rendant en France, \u00e0 [&hellip;]<\/p>\n","protected":false},"author":1789,"featured_media":0,"comment_status":"closed","ping_status":"closed","sticky":false,"template":"","format":"standard","meta":{"fifu_image_url":"","fifu_image_alt":"","footnotes":""},"categories":[73,55],"tags":[],"class_list":["post-143030","post","type-post","status-publish","format-standard","hentry","category-actualite","category-tunisie"],"_links":{"self":[{"href":"https:\/\/linitiative.ca\/International\/wp-json\/wp\/v2\/posts\/143030","targetHints":{"allow":["GET"]}}],"collection":[{"href":"https:\/\/linitiative.ca\/International\/wp-json\/wp\/v2\/posts"}],"about":[{"href":"https:\/\/linitiative.ca\/International\/wp-json\/wp\/v2\/types\/post"}],"author":[{"embeddable":true,"href":"https:\/\/linitiative.ca\/International\/wp-json\/wp\/v2\/users\/1789"}],"replies":[{"embeddable":true,"href":"https:\/\/linitiative.ca\/International\/wp-json\/wp\/v2\/comments?post=143030"}],"version-history":[{"count":0,"href":"https:\/\/linitiative.ca\/International\/wp-json\/wp\/v2\/posts\/143030\/revisions"}],"wp:attachment":[{"href":"https:\/\/linitiative.ca\/International\/wp-json\/wp\/v2\/media?parent=143030"}],"wp:term":[{"taxonomy":"category","embeddable":true,"href":"https:\/\/linitiative.ca\/International\/wp-json\/wp\/v2\/categories?post=143030"},{"taxonomy":"post_tag","embeddable":true,"href":"https:\/\/linitiative.ca\/International\/wp-json\/wp\/v2\/tags?post=143030"}],"curies":[{"name":"wp","href":"https:\/\/api.w.org\/{rel}","templated":true}]}}