{"id":143038,"date":"2022-03-13T15:12:22","date_gmt":"2022-03-13T19:12:22","guid":{"rendered":"https:\/\/linitiative.ca\/International\/probable-candidature-du-president-gabonais-a-la-presidentielle-de-2023-ali-bongo-prendra-t-il-le-risque-de-franchir-le-rubicon\/"},"modified":"2022-03-13T15:12:22","modified_gmt":"2022-03-13T19:12:22","slug":"probable-candidature-du-president-gabonais-a-la-presidentielle-de-2023-ali-bongo-prendra-t-il-le-risque-de-franchir-le-rubicon","status":"publish","type":"post","link":"https:\/\/linitiative.ca\/International\/probable-candidature-du-president-gabonais-a-la-presidentielle-de-2023-ali-bongo-prendra-t-il-le-risque-de-franchir-le-rubicon\/","title":{"rendered":"PROBABLE CANDIDATURE DU PRESIDENT GABONAIS A LA PRESIDENTIELLE DE 2023 : Ali Bongo prendra-t-il le risque de franchir le Rubicon\u00a0?"},"content":{"rendered":"<div>\n<p><img loading=\"lazy\" decoding=\"async\" width=\"640\" height=\"427\" src=\"https:\/\/linitiative.ca\/International\/wp-content\/uploads\/sites\/23\/2022\/03\/BONGO.jpg\" class=\"attachment- size- wp-post-image\" alt=\"\" style=\"float:left; margin:0 15px 15px 0;\" srcset=\"https:\/\/linitiative.ca\/International\/wp-content\/uploads\/sites\/23\/2022\/03\/BONGO.jpg 640w, https:\/\/lepays.bf\/wp-content\/uploads\/2022\/03\/BONGO-300x200.jpg 300w, https:\/\/lepays.bf\/wp-content\/uploads\/2022\/03\/BONGO-150x100.jpg 150w, https:\/\/lepays.bf\/wp-content\/uploads\/2022\/03\/BONGO-128x86.jpg 128w\" sizes=\"auto, (max-width: 640px) 100vw, 640px\">C\u2019est par une formule sibylline que le pr\u00e9sident Ali Bongo Odimba a annonc\u00e9, le 12 mars dernier, sa plus que probable candidature \u00e0 l\u2019\u00e9lection pr\u00e9sidentielle gabonaise de 2023, \u00e0 l\u2019occasion de la c\u00e9l\u00e9bration du 54e anniversaire du Parti d\u00e9mocratique gabonais (PDG) qui dirige le pays [\u2026]<\/p>\n<p>L\u2019article <a rel=\"nofollow\" href=\"https:\/\/lepays.bf\/probable-candidature-du-president-gabonais-a-la-presidentielle-de-2023-ali-bongo-prendra-t-il-le-risque-de-franchir-le-rubicon\/\">PROBABLE CANDIDATURE DU PRESIDENT GABONAIS A LA PRESIDENTIELLE DE 2023 : Ali Bongo prendra-t-il le risque de franchir le Rubicon\u00a0?<\/a> est apparu en premier sur <a rel=\"nofollow\" href=\"https:\/\/lepays.bf\/\">Editions Le Pays<\/a>.<\/p>\n<\/div>\n<p>Auteur: Editions LEPAYS<br \/>\n<a href=\"https:\/\/lepays.bf\/probable-candidature-du-president-gabonais-a-la-presidentielle-de-2023-ali-bongo-prendra-t-il-le-risque-de-franchir-le-rubicon\/\">Cliquez ici pour lire l&rsquo;article depuis sa source.<\/a><\/p>\n","protected":false},"excerpt":{"rendered":"<p>C\u2019est par une formule sibylline que le pr\u00e9sident Ali Bongo Odimba a annonc\u00e9, le 12 mars dernier, sa plus que probable candidature \u00e0 l\u2019\u00e9lection pr\u00e9sidentielle gabonaise de 2023, \u00e0 l\u2019occasion de la c\u00e9l\u00e9bration du 54e anniversaire du Parti d\u00e9mocratique gabonais (PDG) qui dirige le pays [\u2026] L\u2019article PROBABLE CANDIDATURE DU PRESIDENT GABONAIS A LA PRESIDENTIELLE [&hellip;]<\/p>\n","protected":false},"author":1813,"featured_media":0,"comment_status":"closed","ping_status":"closed","sticky":false,"template":"","format":"standard","meta":{"fifu_image_url":"https:\/\/lepays.bf\/wp-content\/uploads\/2022\/03\/BONGO.jpg","fifu_image_alt":"PROBABLE CANDIDATURE DU PRESIDENT GABONAIS A LA PRESIDENTIELLE DE 2023 : Ali Bongo prendra-t-il le risque de franchir le Rubicon\u00a0?","footnotes":""},"categories":[73,81],"tags":[],"class_list":["post-143038","post","type-post","status-publish","format-standard","hentry","category-actualite","category-burkina-faso"],"_links":{"self":[{"href":"https:\/\/linitiative.ca\/International\/wp-json\/wp\/v2\/posts\/143038","targetHints":{"allow":["GET"]}}],"collection":[{"href":"https:\/\/linitiative.ca\/International\/wp-json\/wp\/v2\/posts"}],"about":[{"href":"https:\/\/linitiative.ca\/International\/wp-json\/wp\/v2\/types\/post"}],"author":[{"embeddable":true,"href":"https:\/\/linitiative.ca\/International\/wp-json\/wp\/v2\/users\/1813"}],"replies":[{"embeddable":true,"href":"https:\/\/linitiative.ca\/International\/wp-json\/wp\/v2\/comments?post=143038"}],"version-history":[{"count":0,"href":"https:\/\/linitiative.ca\/International\/wp-json\/wp\/v2\/posts\/143038\/revisions"}],"wp:attachment":[{"href":"https:\/\/linitiative.ca\/International\/wp-json\/wp\/v2\/media?parent=143038"}],"wp:term":[{"taxonomy":"category","embeddable":true,"href":"https:\/\/linitiative.ca\/International\/wp-json\/wp\/v2\/categories?post=143038"},{"taxonomy":"post_tag","embeddable":true,"href":"https:\/\/linitiative.ca\/International\/wp-json\/wp\/v2\/tags?post=143038"}],"curies":[{"name":"wp","href":"https:\/\/api.w.org\/{rel}","templated":true}]}}