{"id":143042,"date":"2022-03-13T07:21:02","date_gmt":"2022-03-13T11:21:02","guid":{"rendered":"https:\/\/linitiative.ca\/International\/burkina-l-interdiction-des-rejouissances-populaires-et-evenements-a-caractere-festif-toujours-en-vigueur-circulaire\/"},"modified":"2022-03-13T07:21:02","modified_gmt":"2022-03-13T11:21:02","slug":"burkina-l-interdiction-des-rejouissances-populaires-et-evenements-a-caractere-festif-toujours-en-vigueur-circulaire","status":"publish","type":"post","link":"https:\/\/linitiative.ca\/International\/burkina-l-interdiction-des-rejouissances-populaires-et-evenements-a-caractere-festif-toujours-en-vigueur-circulaire\/","title":{"rendered":"Burkina : L\u2019 interdiction des r\u00e9jouissances populaires et \u00e9v\u00e8nements \u00e0 caract\u00e8re festif, toujours en vigueur (circulaire)"},"content":{"rendered":"<div>\n<p>Lire le circulaire<\/p>\n<p><img decoding=\"async\" loading=\"lazy\" class=\"alignnone size-medium wp-image-46652\" src=\"https:\/\/linitiative.ca\/International\/wp-content\/uploads\/sites\/23\/2022\/03\/WhatsApp-Image-2022-03-12-at-21.43.02-205x300-1.jpeg\" alt=\"\" width=\"205\" height=\"300\" srcset=\"https:\/\/linitiative.ca\/International\/wp-content\/uploads\/sites\/23\/2022\/03\/WhatsApp-Image-2022-03-12-at-21.43.02-205x300-1.jpeg 205w, https:\/\/www.sidwaya.info\/wp-content\/uploads\/2022\/03\/WhatsApp-Image-2022-03-12-at-21.43.02-150x219.jpeg 150w, https:\/\/www.sidwaya.info\/wp-content\/uploads\/2022\/03\/WhatsApp-Image-2022-03-12-at-21.43.02-300x438.jpeg 300w, https:\/\/www.sidwaya.info\/wp-content\/uploads\/2022\/03\/WhatsApp-Image-2022-03-12-at-21.43.02-287x420.jpeg 287w, https:\/\/www.sidwaya.info\/wp-content\/uploads\/2022\/03\/WhatsApp-Image-2022-03-12-at-21.43.02.jpeg 657w\" sizes=\"auto, (max-width: 205px) 100vw, 205px\"><\/p>\n<p>L\u2019article <a rel=\"nofollow\" href=\"https:\/\/www.sidwaya.info\/blog\/2022\/03\/13\/burkina-l-interdiction-des-rejouissances-populaires-et-evenements-a-caractere-festif-toujours-en-vigueur-circulaire\/\">Burkina : L\u2019 interdiction des r\u00e9jouissances populaires et \u00e9v\u00e8nements \u00e0 caract\u00e8re festif, toujours en vigueur (circulaire)<\/a> est apparu en premier sur <a rel=\"nofollow\" href=\"https:\/\/www.sidwaya.info\/\">Quotidien Sidwaya<\/a>.<\/p>\n<\/div>\n<p>Auteur: BS. Sidwaya<br \/>\n<a href=\"https:\/\/www.sidwaya.info\/blog\/2022\/03\/13\/burkina-l-interdiction-des-rejouissances-populaires-et-evenements-a-caractere-festif-toujours-en-vigueur-circulaire\/?utm_source=rss&#038;utm_medium=rss&#038;utm_campaign=burkina-l-interdiction-des-rejouissances-populaires-et-evenements-a-caractere-festif-toujours-en-vigueur-circulaire\">Cliquez ici pour lire l&rsquo;article depuis sa source.<\/a><\/p>\n","protected":false},"excerpt":{"rendered":"<p>Lire le circulaire L\u2019article Burkina : L\u2019 interdiction des r\u00e9jouissances populaires et \u00e9v\u00e8nements \u00e0 caract\u00e8re festif, toujours en vigueur (circulaire) est apparu en premier sur Quotidien Sidwaya. Auteur: BS. Sidwaya Cliquez ici pour lire l&rsquo;article depuis sa source.<\/p>\n","protected":false},"author":1816,"featured_media":0,"comment_status":"closed","ping_status":"closed","sticky":false,"template":"","format":"standard","meta":{"fifu_image_url":"https:\/\/www.sidwaya.info\/wp-content\/uploads\/2022\/03\/WhatsApp-Image-2022-03-12-at-21.43.02-205x300.jpeg","fifu_image_alt":"Burkina : L\u2019 interdiction des r\u00e9jouissances populaires et \u00e9v\u00e8nements \u00e0 caract\u00e8re festif, toujours en vigueur (circulaire)","footnotes":""},"categories":[73,81],"tags":[],"class_list":["post-143042","post","type-post","status-publish","format-standard","hentry","category-actualite","category-burkina-faso"],"_links":{"self":[{"href":"https:\/\/linitiative.ca\/International\/wp-json\/wp\/v2\/posts\/143042","targetHints":{"allow":["GET"]}}],"collection":[{"href":"https:\/\/linitiative.ca\/International\/wp-json\/wp\/v2\/posts"}],"about":[{"href":"https:\/\/linitiative.ca\/International\/wp-json\/wp\/v2\/types\/post"}],"author":[{"embeddable":true,"href":"https:\/\/linitiative.ca\/International\/wp-json\/wp\/v2\/users\/1816"}],"replies":[{"embeddable":true,"href":"https:\/\/linitiative.ca\/International\/wp-json\/wp\/v2\/comments?post=143042"}],"version-history":[{"count":0,"href":"https:\/\/linitiative.ca\/International\/wp-json\/wp\/v2\/posts\/143042\/revisions"}],"wp:attachment":[{"href":"https:\/\/linitiative.ca\/International\/wp-json\/wp\/v2\/media?parent=143042"}],"wp:term":[{"taxonomy":"category","embeddable":true,"href":"https:\/\/linitiative.ca\/International\/wp-json\/wp\/v2\/categories?post=143042"},{"taxonomy":"post_tag","embeddable":true,"href":"https:\/\/linitiative.ca\/International\/wp-json\/wp\/v2\/tags?post=143042"}],"curies":[{"name":"wp","href":"https:\/\/api.w.org\/{rel}","templated":true}]}}