{"id":143044,"date":"2022-03-13T08:29:33","date_gmt":"2022-03-13T12:29:33","guid":{"rendered":"https:\/\/linitiative.ca\/International\/engin-explosifs-sur-laxe-kaya-dori-deux-personnes-tuees-un-car-de-transport-endommage\/"},"modified":"2022-03-13T08:29:33","modified_gmt":"2022-03-13T12:29:33","slug":"engin-explosifs-sur-laxe-kaya-dori-deux-personnes-tuees-un-car-de-transport-endommage","status":"publish","type":"post","link":"https:\/\/linitiative.ca\/International\/engin-explosifs-sur-laxe-kaya-dori-deux-personnes-tuees-un-car-de-transport-endommage\/","title":{"rendered":"Engin explosifs sur l\u2019axe Kaya-Dori : Deux personnes tu\u00e9es, un car de transport endommag\u00e9"},"content":{"rendered":"<div>\n<p><strong>Un camion remorque et un car de transport en commun ont respectivement saut\u00e9, les 10 et 13 mars 2022, sur des engins explosifs improvis\u00e9s sur la route nationale N\u00b03, axe Kaya-Dori.\u00a0 <\/strong><\/p>\n<p>Deux pertes en vie humaine, des bless\u00e9s et un car de transport en commun compl\u00e9tement endommag\u00e9. C\u2019est le triste bilan du passage d\u2019un car de transport en commun d\u2019une compagnie\u00a0(2NI) sur un Engin explosif improvis\u00e9 (EEI), le dimanche 13 mars 2022, aux environs de 8 heures, \u00e0 5km de Tarpako, sur l\u2019axe Tarparko-Tougouri, dans la commune de Tougouri, province du Namentenga, r\u00e9gion du Centre-Nord.<\/p>\n<p>Trois jours avant (10 mars\u00a0: ndlr), un camion remorque transportant des marchandises a saut\u00e9 sur une autre mine artisanale dans le village de Boinga, commune rurale de Pissila, sur l\u2019axe Pissila-Tougouri. Selon des t\u00e9moins, m\u00eame si le v\u00e9hicule a \u00e9t\u00e9 endommag\u00e9, le chauffeur et l\u2019apprenti sont sortis sains et saufs. Ces deux mines artisanales ont \u00e9t\u00e9 dissimil\u00e9es dans des nids de poule sur la Route nationale (RN) n\u00b03.<\/p>\n<p>Depuis le d\u00e9but du mois de mars, la RN3 est devenue la cible privil\u00e9gi\u00e9e des groupes arm\u00e9s terroristes. En effet, le 9 mars, une vingtaine de terroristes ont saccag\u00e9 l\u2019antenne d\u2019un r\u00e9seau de t\u00e9l\u00e9phonie mobile aux environs de 16 heures tout en laissant un message. <em>\u00abSi notre revendication n\u2019est pas satisfaite, nous y reviendrons\u2026\u00bb<\/em>, a fait savoir une habitante de Pissila, joint au t\u00e9l\u00e9phone dans la m\u00eame soir\u00e9e. Depuis le d\u00e9but de la crise s\u00e9curitaire que traverse le Burkina Faso, ce sont les toutes premi\u00e8res fois que la RN3 est vis\u00e9e par des EEI.<\/p>\n<p><strong>Sidgomd\u00e9<\/strong><\/p>\n<p>L\u2019article <a rel=\"nofollow\" href=\"https:\/\/www.sidwaya.info\/blog\/2022\/03\/13\/engin-explosifs-sur-laxe-kaya-dori-deux-personnes-tuees-un-car-de-transport-endommage\/\">Engin explosifs sur l\u2019axe Kaya-Dori : Deux personnes tu\u00e9es, un car de transport endommag\u00e9<\/a> est apparu en premier sur <a rel=\"nofollow\" href=\"https:\/\/www.sidwaya.info\/\">Quotidien Sidwaya<\/a>.<\/p>\n<\/div>\n<p>Auteur: BS. Sidwaya<br \/>\n<a href=\"https:\/\/www.sidwaya.info\/blog\/2022\/03\/13\/engin-explosifs-sur-laxe-kaya-dori-deux-personnes-tuees-un-car-de-transport-endommage\/?utm_source=rss&#038;utm_medium=rss&#038;utm_campaign=engin-explosifs-sur-laxe-kaya-dori-deux-personnes-tuees-un-car-de-transport-endommage\">Cliquez ici pour lire l&rsquo;article depuis sa source.<\/a><\/p>\n","protected":false},"excerpt":{"rendered":"<p>Un camion remorque et un car de transport en commun ont respectivement saut\u00e9, les 10 et 13 mars 2022, sur des engins explosifs improvis\u00e9s sur la route nationale N\u00b03, axe Kaya-Dori.\u00a0 Deux pertes en vie humaine, des bless\u00e9s et un car de transport en commun compl\u00e9tement endommag\u00e9. C\u2019est le triste bilan du passage d\u2019un car [&hellip;]<\/p>\n","protected":false},"author":1816,"featured_media":0,"comment_status":"closed","ping_status":"closed","sticky":false,"template":"","format":"standard","meta":{"fifu_image_url":"","fifu_image_alt":"","footnotes":""},"categories":[73,81],"tags":[],"class_list":["post-143044","post","type-post","status-publish","format-standard","hentry","category-actualite","category-burkina-faso"],"_links":{"self":[{"href":"https:\/\/linitiative.ca\/International\/wp-json\/wp\/v2\/posts\/143044","targetHints":{"allow":["GET"]}}],"collection":[{"href":"https:\/\/linitiative.ca\/International\/wp-json\/wp\/v2\/posts"}],"about":[{"href":"https:\/\/linitiative.ca\/International\/wp-json\/wp\/v2\/types\/post"}],"author":[{"embeddable":true,"href":"https:\/\/linitiative.ca\/International\/wp-json\/wp\/v2\/users\/1816"}],"replies":[{"embeddable":true,"href":"https:\/\/linitiative.ca\/International\/wp-json\/wp\/v2\/comments?post=143044"}],"version-history":[{"count":0,"href":"https:\/\/linitiative.ca\/International\/wp-json\/wp\/v2\/posts\/143044\/revisions"}],"wp:attachment":[{"href":"https:\/\/linitiative.ca\/International\/wp-json\/wp\/v2\/media?parent=143044"}],"wp:term":[{"taxonomy":"category","embeddable":true,"href":"https:\/\/linitiative.ca\/International\/wp-json\/wp\/v2\/categories?post=143044"},{"taxonomy":"post_tag","embeddable":true,"href":"https:\/\/linitiative.ca\/International\/wp-json\/wp\/v2\/tags?post=143044"}],"curies":[{"name":"wp","href":"https:\/\/api.w.org\/{rel}","templated":true}]}}