{"id":143045,"date":"2022-03-13T11:56:53","date_gmt":"2022-03-13T15:56:53","guid":{"rendered":"https:\/\/linitiative.ca\/International\/necrologie-boukari-ouedraogo-dit-tintin-a-tire-sa-reverence-ce-matin\/"},"modified":"2022-03-13T11:56:53","modified_gmt":"2022-03-13T15:56:53","slug":"necrologie-boukari-ouedraogo-dit-tintin-a-tire-sa-reverence-ce-matin","status":"publish","type":"post","link":"https:\/\/linitiative.ca\/International\/necrologie-boukari-ouedraogo-dit-tintin-a-tire-sa-reverence-ce-matin\/","title":{"rendered":"N\u00e9crologie\u00a0: Boukari Ou\u00e9draogo dit Tintin a tir\u00e9 sa r\u00e9v\u00e9rence ce matin."},"content":{"rendered":"<div>\n<p>L\u2019homme politique Boukari Ouedraogo dit Tintin a tir\u00e9 sa r\u00e9v\u00e9rence ce dimanche matin 13 mars 2022.\u00a0 En rappel, cet homme d\u2019affaire, Boukary Ou\u00e9draogo dit \u00ab Tintin<strong>\u00a0\u00bb<\/strong>\u00a0a \u00e9t\u00e9 un candidat ind\u00e9pendant malheureux \u00e0 l\u2019\u00e9lection pr\u00e9sidentielle de 2015. Il avait obtenu\u00a0<a href=\"https:\/\/burkina24.com\/2015\/12\/01\/burkina-faso-les-resultats-des-elections-presidentielles-en-chiffres-et-en-images\/\" target=\"_blank\" rel=\"noopener\">15 007 voix<\/a>, soit 0, 48%. Son inhumation est pr\u00e9vue pour ce soir \u00e0 16h au Cimeti\u00e8re route de Sapon\u00e9.<\/p>\n<p>\u00a0<\/p>\n<p>Nous y reviendrons!<\/p>\n<p>L\u2019article <a rel=\"nofollow\" href=\"https:\/\/www.sidwaya.info\/blog\/2022\/03\/13\/necrologie-boukari-ouedraogo-dit-tintin-a-tire-sa-reverence-ce-matin\/\">N\u00e9crologie\u00a0: Boukari Ou\u00e9draogo dit Tintin a tir\u00e9 sa r\u00e9v\u00e9rence ce matin.<\/a> est apparu en premier sur <a rel=\"nofollow\" href=\"https:\/\/www.sidwaya.info\/\">Quotidien Sidwaya<\/a>.<\/p>\n<\/div>\n<p>Auteur: BS. Sidwaya<br \/>\n<a href=\"https:\/\/www.sidwaya.info\/blog\/2022\/03\/13\/necrologie-boukari-ouedraogo-dit-tintin-a-tire-sa-reverence-ce-matin\/?utm_source=rss&#038;utm_medium=rss&#038;utm_campaign=necrologie-boukari-ouedraogo-dit-tintin-a-tire-sa-reverence-ce-matin\">Cliquez ici pour lire l&rsquo;article depuis sa source.<\/a><\/p>\n","protected":false},"excerpt":{"rendered":"<p>L\u2019homme politique Boukari Ouedraogo dit Tintin a tir\u00e9 sa r\u00e9v\u00e9rence ce dimanche matin 13 mars 2022.\u00a0 En rappel, cet homme d\u2019affaire, Boukary Ou\u00e9draogo dit \u00ab Tintin\u00a0\u00bb\u00a0a \u00e9t\u00e9 un candidat ind\u00e9pendant malheureux \u00e0 l\u2019\u00e9lection pr\u00e9sidentielle de 2015. Il avait obtenu\u00a015 007 voix, soit 0, 48%. Son inhumation est pr\u00e9vue pour ce soir \u00e0 16h au Cimeti\u00e8re [&hellip;]<\/p>\n","protected":false},"author":1816,"featured_media":0,"comment_status":"closed","ping_status":"closed","sticky":false,"template":"","format":"standard","meta":{"fifu_image_url":"","fifu_image_alt":"","footnotes":""},"categories":[73,81],"tags":[],"class_list":["post-143045","post","type-post","status-publish","format-standard","hentry","category-actualite","category-burkina-faso"],"_links":{"self":[{"href":"https:\/\/linitiative.ca\/International\/wp-json\/wp\/v2\/posts\/143045","targetHints":{"allow":["GET"]}}],"collection":[{"href":"https:\/\/linitiative.ca\/International\/wp-json\/wp\/v2\/posts"}],"about":[{"href":"https:\/\/linitiative.ca\/International\/wp-json\/wp\/v2\/types\/post"}],"author":[{"embeddable":true,"href":"https:\/\/linitiative.ca\/International\/wp-json\/wp\/v2\/users\/1816"}],"replies":[{"embeddable":true,"href":"https:\/\/linitiative.ca\/International\/wp-json\/wp\/v2\/comments?post=143045"}],"version-history":[{"count":0,"href":"https:\/\/linitiative.ca\/International\/wp-json\/wp\/v2\/posts\/143045\/revisions"}],"wp:attachment":[{"href":"https:\/\/linitiative.ca\/International\/wp-json\/wp\/v2\/media?parent=143045"}],"wp:term":[{"taxonomy":"category","embeddable":true,"href":"https:\/\/linitiative.ca\/International\/wp-json\/wp\/v2\/categories?post=143045"},{"taxonomy":"post_tag","embeddable":true,"href":"https:\/\/linitiative.ca\/International\/wp-json\/wp\/v2\/tags?post=143045"}],"curies":[{"name":"wp","href":"https:\/\/api.w.org\/{rel}","templated":true}]}}