{"id":143046,"date":"2022-03-12T12:18:03","date_gmt":"2022-03-12T17:18:03","guid":{"rendered":"https:\/\/linitiative.ca\/International\/maroc-tenue-de-lassemblee-generale-de-lunion-africaine-de-la-mutualite\/"},"modified":"2022-03-12T12:18:03","modified_gmt":"2022-03-12T17:18:03","slug":"maroc-tenue-de-lassemblee-generale-de-lunion-africaine-de-la-mutualite","status":"publish","type":"post","link":"https:\/\/linitiative.ca\/International\/maroc-tenue-de-lassemblee-generale-de-lunion-africaine-de-la-mutualite\/","title":{"rendered":"Maroc : Tenue de l\u2019Assembl\u00e9e G\u00e9n\u00e9rale de l\u2019Union Africaine de la Mutualit\u00e9"},"content":{"rendered":"<div>\n<p><img decoding=\"async\" width=\"1600\" height=\"1200\" src=\"https:\/\/linitiative.ca\/International\/wp-content\/uploads\/sites\/23\/2022\/03\/16471018831242.jpg\" class=\"attachment-post-thumbnail size-post-thumbnail wp-post-image\" alt=\"\" loading=\"lazy\" srcset=\"https:\/\/linitiative.ca\/International\/wp-content\/uploads\/sites\/23\/2022\/03\/16471018831242.jpg 1600w, https:\/\/www.journalducameroun.com\/wp-content\/uploads\/2022\/03\/16471018831242-300x225.jpg 300w, https:\/\/www.journalducameroun.com\/wp-content\/uploads\/2022\/03\/16471018831242-1024x768.jpg 1024w, https:\/\/www.journalducameroun.com\/wp-content\/uploads\/2022\/03\/16471018831242-768x576.jpg 768w, https:\/\/www.journalducameroun.com\/wp-content\/uploads\/2022\/03\/16471018831242-1536x1152.jpg 1536w, https:\/\/www.journalducameroun.com\/wp-content\/uploads\/2022\/03\/16471018831242-587x440.jpg 587w, https:\/\/www.journalducameroun.com\/wp-content\/uploads\/2022\/03\/16471018831242-600x450.jpg 600w\" sizes=\"auto, (max-width: 1600px) 100vw, 1600px\"><\/p>\n<p>L&rsquo;Union Africaine de la Mutualit\u00e9 (UAM) a tenu, samedi \u00e0 Sal\u00e9, son Assembl\u00e9e g\u00e9n\u00e9rale sous le th\u00e8me \u00ab\u00a0la Protection sociale, un chantier d\u00e9cisif pour garantir la justice sociale en Afrique\u00a0\u00bb.Ce conclave de deux jours proc\u00e9dera au renouvellement de ses instances dirigeantes notamment l&rsquo;\u00e9lection du nouveau Pr\u00e9sident de l&rsquo;UAM et des membres du Comit\u00e9 directeur et du Bureau ex\u00e9cutif, enregistre la participation des diff\u00e9rents intervenants et acteurs de la protection sociale et de la mutualit\u00e9 en Afrique.<\/p>\n<p>Cette AG constitue \u00e9galement l&rsquo;occasion de dresser le bilan des syst\u00e8mes de protection sociale et de la mutualit\u00e9 sur le Continent et de d\u00e9battre des moyens \u00e0 m\u00eame de promouvoir les m\u00e9canismes de protection sociale dans un contexte post-Covid.<\/p>\n<p>De m\u00eame, l&rsquo;accent sera mis sur l&rsquo;exp\u00e9rience pionni\u00e8re du Maroc et son savoir faire reconnu dans le domaine de la mutualit\u00e9, en tant que pan important de la protection sociale, \u00e0 travers ses actions sociales et solidaires et son r\u00f4le d\u00e9terminant dans la facilitation de l&rsquo;acc\u00e8s aux soins, la pr\u00e9voyance sociale et la cons\u00e9cration de la justice spatiale en mati\u00e8re de sant\u00e9.<\/p>\n<p>Dans son allocution d&rsquo;ouverture de ce conclave, le pr\u00e9sident du Bureau ex\u00e9cutif de l&rsquo;UAM, Moulay Brahim El Atmani, a indiqu\u00e9 que cette assembl\u00e9e g\u00e9n\u00e9rale est l&rsquo;occasion pour recueillir les visions et renouveler les structures de l&rsquo;Union, notant que les membres de l&rsquo;Union ont convenu de prendre en exemple le projet royal pionnier pour la g\u00e9n\u00e9ralisation de la protection sociale, dans le but de faire b\u00e9n\u00e9ficier l&rsquo;Union de ces chantiers, qui peuvent servir de mod\u00e8le \u00e9mul\u00e9 dans d&rsquo;autres pays africains.<\/p>\n<p>M. El Atmani, qui pr\u00e9side \u00e9galement le Conseil d&rsquo;Administration de la Mutuelle g\u00e9n\u00e9rale du Personnel des Administrations Publiques (MGPAP), a ajout\u00e9 que ce projet communautaire repr\u00e9sente une v\u00e9ritable r\u00e9volution sociale en raison de son impact direct et tangible sur l&rsquo;am\u00e9lioration des conditions d&rsquo;acc\u00e8s des citoyens aux soins de sant\u00e9 et la protection des groupes vuln\u00e9rables, consid\u00e9rant que la solidarit\u00e9 bas\u00e9e sur une vision claire est la base de toute r\u00e9forme sociale.<\/p>\n<p>En outre, il a mis en avant la n\u00e9cessit\u00e9 d&rsquo;une participation effective dans le domaine de la sant\u00e9 sur le continent africain, en \u00e9largissant le r\u00e9seau des \u00c9tats membres, en formant des cadres, en assurant des revenus et en nouant des partenariats avec des organismes internationaux d&rsquo;assurance, tout en appelant pour le positionnement de l&rsquo;Union Africaine pour la solidarit\u00e9 de mani\u00e8re responsable et efficace et la mise en place d&rsquo;une administration capable de traiter les dossiers.<\/p>\n<p>Pour sa part, la directrice de l&rsquo;Agence de r\u00e9gulation de la mutualit\u00e9 sociale en C\u00f4te d&rsquo;Ivoire, Mme Kon\u00e9 Colette, a fait \u00e9tat de l&rsquo;implication de son pays dans l&rsquo;Union africaine de la mutualit\u00e9 en vue de construire une vision unifi\u00e9e sur la r\u00e9forme et la protection, faisant observer, \u00e0 cet \u00e9gard, que la relation forte entre le Maroc et la C\u00f4te d&rsquo;Ivoire peut b\u00e9n\u00e9ficier au secteur mutualiste en Afrique.<\/p>\n<p>De m\u00eame, elle a plaid\u00e9 pour une mobilisation des synergies africaines pour soutenir la protection sociale qui, selon elle, joue un r\u00f4le essentiel dans la construction d&rsquo;un avenir sain et s\u00fbr.<\/p>\n<p>De son c\u00f4t\u00e9, le vice-pr\u00e9sident de l&rsquo;UAM et Pr\u00e9sident de la F\u00e9d\u00e9ration nationale des mutuelles sociales du Cameroun, Augustin Tiomela, a relev\u00e9, que cette Assembl\u00e9e G\u00e9n\u00e9rale mettra en \u00e9vidence la centralit\u00e9 des syst\u00e8mes mutualistes, en tant que partie int\u00e9grante de la s\u00e9curit\u00e9 et couverture sociales.<\/p>\n<p>Dans ce contexte, il a soulign\u00e9 la n\u00e9cessit\u00e9 de s&rsquo;inspirer de la longue et fructueuse exp\u00e9rience marocaine pour le d\u00e9veloppement de la protection sociale en Afrique.<\/p>\n<p>Cr\u00e9\u00e9e en 2007, l&rsquo;UAM est un instrument de mise en r\u00e9seau du mouvement mutualiste en Afrique pour d\u00e9fendre et repr\u00e9senter les int\u00e9r\u00eats communs des organisations membres et apporter une assistance technique de premier ordre en mati\u00e8re de mutualit\u00e9 et dans les domaines apparent\u00e9s.<\/p>\n<p>Bas\u00e9e \u00e0 Rabat, cette instance panafricaine constitue un espace d&rsquo;\u00e9changes, de dialogue, de coordination et de plaidoyer du mouvement mutualiste africain aupr\u00e8s des gouvernements et des instances internationales dans un cadre de coop\u00e9ration Sud-Sud.<\/p>\n<p>Cet article <a rel=\"nofollow\" href=\"https:\/\/www.journalducameroun.com\/maroc-tenue-de-lassemblee-generale-de-lunion-africaine-de-la-mutualite\/\">Maroc : Tenue de l\u2019Assembl\u00e9e G\u00e9n\u00e9rale de l\u2019Union Africaine de la Mutualit\u00e9<\/a> est apparu en premier sur <a rel=\"nofollow\" href=\"https:\/\/www.journalducameroun.com\/\">Journal du Cameroun<\/a>.<\/p>\n<\/div>\n<p>Auteur: APA News<br \/>\n<a href=\"https:\/\/www.journalducameroun.com\/maroc-tenue-de-lassemblee-generale-de-lunion-africaine-de-la-mutualite\/\">Cliquez ici pour lire l&rsquo;article depuis sa source.<\/a><\/p>\n","protected":false},"excerpt":{"rendered":"<p>L&rsquo;Union Africaine de la Mutualit\u00e9 (UAM) a tenu, samedi \u00e0 Sal\u00e9, son Assembl\u00e9e g\u00e9n\u00e9rale sous le th\u00e8me \u00ab\u00a0la Protection sociale, un chantier d\u00e9cisif pour garantir la justice sociale en Afrique\u00a0\u00bb.Ce conclave de deux jours proc\u00e9dera au renouvellement de ses instances dirigeantes notamment l&rsquo;\u00e9lection du nouveau Pr\u00e9sident de l&rsquo;UAM et des membres du Comit\u00e9 directeur et [&hellip;]<\/p>\n","protected":false},"author":1965,"featured_media":0,"comment_status":"closed","ping_status":"closed","sticky":false,"template":"","format":"standard","meta":{"fifu_image_url":"https:\/\/www.journalducameroun.com\/wp-content\/uploads\/2022\/03\/16471018831242.jpg","fifu_image_alt":"Maroc : Tenue de l\u2019Assembl\u00e9e G\u00e9n\u00e9rale de l\u2019Union Africaine de la Mutualit\u00e9","footnotes":""},"categories":[73,82],"tags":[],"class_list":["post-143046","post","type-post","status-publish","format-standard","hentry","category-actualite","category-cameroun"],"_links":{"self":[{"href":"https:\/\/linitiative.ca\/International\/wp-json\/wp\/v2\/posts\/143046","targetHints":{"allow":["GET"]}}],"collection":[{"href":"https:\/\/linitiative.ca\/International\/wp-json\/wp\/v2\/posts"}],"about":[{"href":"https:\/\/linitiative.ca\/International\/wp-json\/wp\/v2\/types\/post"}],"author":[{"embeddable":true,"href":"https:\/\/linitiative.ca\/International\/wp-json\/wp\/v2\/users\/1965"}],"replies":[{"embeddable":true,"href":"https:\/\/linitiative.ca\/International\/wp-json\/wp\/v2\/comments?post=143046"}],"version-history":[{"count":0,"href":"https:\/\/linitiative.ca\/International\/wp-json\/wp\/v2\/posts\/143046\/revisions"}],"wp:attachment":[{"href":"https:\/\/linitiative.ca\/International\/wp-json\/wp\/v2\/media?parent=143046"}],"wp:term":[{"taxonomy":"category","embeddable":true,"href":"https:\/\/linitiative.ca\/International\/wp-json\/wp\/v2\/categories?post=143046"},{"taxonomy":"post_tag","embeddable":true,"href":"https:\/\/linitiative.ca\/International\/wp-json\/wp\/v2\/tags?post=143046"}],"curies":[{"name":"wp","href":"https:\/\/api.w.org\/{rel}","templated":true}]}}