{"id":143048,"date":"2022-03-12T17:18:03","date_gmt":"2022-03-12T22:18:03","guid":{"rendered":"https:\/\/linitiative.ca\/International\/mutualite-un-marocain-a-la-tete-de-luam\/"},"modified":"2022-03-12T17:18:03","modified_gmt":"2022-03-12T22:18:03","slug":"mutualite-un-marocain-a-la-tete-de-luam","status":"publish","type":"post","link":"https:\/\/linitiative.ca\/International\/mutualite-un-marocain-a-la-tete-de-luam\/","title":{"rendered":"Mutualit\u00e9 : Un Marocain \u00e0 la t\u00eate de l\u2019UAM"},"content":{"rendered":"<div>\n<p><img decoding=\"async\" width=\"1280\" height=\"960\" src=\"https:\/\/linitiative.ca\/International\/wp-content\/uploads\/sites\/23\/2022\/03\/16471198832601.jpg\" class=\"attachment-post-thumbnail size-post-thumbnail wp-post-image\" alt=\"\" loading=\"lazy\" srcset=\"https:\/\/linitiative.ca\/International\/wp-content\/uploads\/sites\/23\/2022\/03\/16471198832601.jpg 1280w, https:\/\/www.journalducameroun.com\/wp-content\/uploads\/2022\/03\/16471198832601-300x225.jpg 300w, https:\/\/www.journalducameroun.com\/wp-content\/uploads\/2022\/03\/16471198832601-1024x768.jpg 1024w, https:\/\/www.journalducameroun.com\/wp-content\/uploads\/2022\/03\/16471198832601-768x576.jpg 768w, https:\/\/www.journalducameroun.com\/wp-content\/uploads\/2022\/03\/16471198832601-587x440.jpg 587w, https:\/\/www.journalducameroun.com\/wp-content\/uploads\/2022\/03\/16471198832601-600x450.jpg 600w\" sizes=\"auto, (max-width: 1280px) 100vw, 1280px\"><\/p>\n<p>Par Hicham Alaoui &#8212; L&rsquo;Union africaine de la mutualit\u00e9 (UAM) a \u00e9lu, samedi \u00e0 Sal\u00e9 (Maroc), un nouveau pr\u00e9sident en la personne de Moulay Brahim El-Atmani, \u00e0 l&rsquo;issue de son Assembl\u00e9e g\u00e9n\u00e9rale de l&rsquo;Union, tenue en pr\u00e9sence de 18 pays africains repr\u00e9sentant leurs mutuelles respectives.M. Moulay Brahim El-Atmani qui fait \u00e9galement fonction de pr\u00e9sident de la Mutuelle g\u00e9n\u00e9rale du Personnel des Administrations publiques (MGPAP-Maroc) a \u00e9t\u00e9 \u00e9lu \u00e0 l&rsquo;unanimit\u00e9 par les membres du Comit\u00e9 directeur de l&rsquo;UAM.<\/p>\n<p>Lors de cette Assembl\u00e9e g\u00e9n\u00e9rale, tenue sous le th\u00e8me \u00ab\u00a0la Protection sociale, un chantier d\u00e9cisif pour garantir la justice sociale en Afrique\u00a0\u00bb, il a \u00e9t\u00e9 proc\u00e9d\u00e9 \u00e9galement \u00e0 l&rsquo;\u00e9lection des membres du Bureau ex\u00e9cutif de l&rsquo;Union \u00e0 savoir MM. Babakar Ngom (S\u00e9n\u00e9gal), premier vice-pr\u00e9sident, Djikine Babassa (Mali), 2\u00e8me vice-pr\u00e9sident, Tiomela Augustin (Cameroun), secr\u00e9taire g\u00e9n\u00e9ral, Gnogbo Paul (C\u00f4te d&rsquo;Ivoire), serct\u00e9aire g\u00e9n\u00e9ral adjoint, Mohamed Ahaimadou (Mauritanie) Tr\u00e9sorier et Mme Fatima Mouigni (Comores), tr\u00e9sorier adjoint.<\/p>\n<p>L&rsquo;Assembl\u00e9e a \u00e9galement d\u00e9sign\u00e9 les membres du Comit\u00e9 Directeur de l&rsquo;Union compos\u00e9 de 15 membres repr\u00e9sentants les quatre r\u00e9gions de l&rsquo;Afrique (Nord, Ouest, central et Est).<\/p>\n<p>Cr\u00e9\u00e9e en 2007, l&rsquo;UAM est un instrument de mise en r\u00e9seau du mouvement mutualiste en Afrique pour d\u00e9fendre et repr\u00e9senter les int\u00e9r\u00eats communs des organisations membres et apporter une assistance technique de premier ordre en mati\u00e8re de mutualit\u00e9 et dans les domaines apparent\u00e9s.<\/p>\n<p>Bas\u00e9e \u00e0 Rabat, cette instance panafricaine constitue un espace d&rsquo;\u00e9changes, de dialogue, de coordination et de plaidoyer du mouvement mutualiste africain aupr\u00e8s des gouvernements et des instances internationales dans un cadre de coop\u00e9ration Sud-Sud.<\/p>\n<p>L&rsquo;Assembl\u00e9e g\u00e9n\u00e9rale de l&rsquo;UAM a \u00e9t\u00e9 l&rsquo;occasion de dresser le bilan des syst\u00e8mes de protection sociale et de la mutualit\u00e9 sur le Continent et de d\u00e9battre des moyens \u00e0 m\u00eame de promouvoir les m\u00e9canismes de protection sociale dans un contexte post-Covid.<\/p>\n<p>De m\u00eame, l&rsquo;accent a \u00e9t\u00e9 mis sur l&rsquo;exp\u00e9rience pionni\u00e8re du Maroc et son savoir-faire reconnu dans le domaine de la mutualit\u00e9, en tant que pan important de la protection sociale, \u00e0 travers ses actions sociales et solidaires et son r\u00f4le d\u00e9terminant dans la facilitation de l&rsquo;acc\u00e8s aux soins, la pr\u00e9voyance sociale et la cons\u00e9cration de la justice spatiale en mati\u00e8re de sant\u00e9.<\/p>\n<p>L&rsquo;assistance a suivi une pr\u00e9sentation sur la protection sociale en Afrique, un chantier gigantesque pour promouvoir la justice sociale et spatiale et am\u00e9liorer les conditions d&rsquo;acc\u00e8s des citoyens aux soins de sant\u00e9 et la protection des cat\u00e9gories vuln\u00e9rables. De m\u00eame, il a \u00e9t\u00e9 mis en avant la centralit\u00e9 du syst\u00e8me mutualiste, comme composante int\u00e9grante de la couverture sociale eu \u00e9gard de son r\u00f4le jou\u00e9 dans la facilitation de l&rsquo;acc\u00e8s aux soins, la pr\u00e9voyance sociale, les actions de solidarit\u00e9 et la cons\u00e9cration de la justice spatiale en mati\u00e8re de sant\u00e9.<\/p>\n<p>Aussi, un autre expos\u00e9 a \u00e9t\u00e9 pr\u00e9sent\u00e9 sur le projet de g\u00e9n\u00e9ralisation de la couverture sociale au Maroc qui constitue une r\u00e9volution sociale r\u00e9elle eu \u00e9gard \u00e0 ses incidences directes et concr\u00e8tes sur l&rsquo;am\u00e9lioration des conditions d&rsquo;acc\u00e8s des citoyens aux soins de sant\u00e9 et la protection des cat\u00e9gories vuln\u00e9rables.<\/p>\n<p>Annonc\u00e9e en juillet 2020, la g\u00e9n\u00e9ralisation de la protection sociale doit permettre dans un premier temps d&rsquo;int\u00e9grer pr\u00e8s de 22 millions de Marocains \u00e0 l&rsquo;assurance maladie obligatoire. Une extension ou une g\u00e9n\u00e9ralisation de la retraite, des allocations familiales et de l&rsquo;indemnit\u00e9 pour perte d&#8217;emploi doit suivre selon un calendrier bien pr\u00e9cis.<\/p>\n<p>Cet article <a rel=\"nofollow\" href=\"https:\/\/www.journalducameroun.com\/mutualite-un-marocain-a-la-tete-de-luam\/\">Mutualit\u00e9 : Un Marocain \u00e0 la t\u00eate de l\u2019UAM<\/a> est apparu en premier sur <a rel=\"nofollow\" href=\"https:\/\/www.journalducameroun.com\/\">Journal du Cameroun<\/a>.<\/p>\n<\/div>\n<p>Auteur: APA News<br \/>\n<a href=\"https:\/\/www.journalducameroun.com\/mutualite-un-marocain-a-la-tete-de-luam\/\">Cliquez ici pour lire l&rsquo;article depuis sa source.<\/a><\/p>\n","protected":false},"excerpt":{"rendered":"<p>Par Hicham Alaoui &#8212; L&rsquo;Union africaine de la mutualit\u00e9 (UAM) a \u00e9lu, samedi \u00e0 Sal\u00e9 (Maroc), un nouveau pr\u00e9sident en la personne de Moulay Brahim El-Atmani, \u00e0 l&rsquo;issue de son Assembl\u00e9e g\u00e9n\u00e9rale de l&rsquo;Union, tenue en pr\u00e9sence de 18 pays africains repr\u00e9sentant leurs mutuelles respectives.M. Moulay Brahim El-Atmani qui fait \u00e9galement fonction de pr\u00e9sident de [&hellip;]<\/p>\n","protected":false},"author":1965,"featured_media":0,"comment_status":"closed","ping_status":"closed","sticky":false,"template":"","format":"standard","meta":{"fifu_image_url":"https:\/\/www.journalducameroun.com\/wp-content\/uploads\/2022\/03\/16471198832601.jpg","fifu_image_alt":"Mutualit\u00e9 : Un Marocain \u00e0 la t\u00eate de l\u2019UAM","footnotes":""},"categories":[73,82],"tags":[],"class_list":["post-143048","post","type-post","status-publish","format-standard","hentry","category-actualite","category-cameroun"],"_links":{"self":[{"href":"https:\/\/linitiative.ca\/International\/wp-json\/wp\/v2\/posts\/143048","targetHints":{"allow":["GET"]}}],"collection":[{"href":"https:\/\/linitiative.ca\/International\/wp-json\/wp\/v2\/posts"}],"about":[{"href":"https:\/\/linitiative.ca\/International\/wp-json\/wp\/v2\/types\/post"}],"author":[{"embeddable":true,"href":"https:\/\/linitiative.ca\/International\/wp-json\/wp\/v2\/users\/1965"}],"replies":[{"embeddable":true,"href":"https:\/\/linitiative.ca\/International\/wp-json\/wp\/v2\/comments?post=143048"}],"version-history":[{"count":0,"href":"https:\/\/linitiative.ca\/International\/wp-json\/wp\/v2\/posts\/143048\/revisions"}],"wp:attachment":[{"href":"https:\/\/linitiative.ca\/International\/wp-json\/wp\/v2\/media?parent=143048"}],"wp:term":[{"taxonomy":"category","embeddable":true,"href":"https:\/\/linitiative.ca\/International\/wp-json\/wp\/v2\/categories?post=143048"},{"taxonomy":"post_tag","embeddable":true,"href":"https:\/\/linitiative.ca\/International\/wp-json\/wp\/v2\/tags?post=143048"}],"curies":[{"name":"wp","href":"https:\/\/api.w.org\/{rel}","templated":true}]}}