{"id":14305,"date":"2019-02-14T15:44:41","date_gmt":"2019-02-14T20:44:41","guid":{"rendered":"https:\/\/linitiative.ca\/International\/attaques-terroristes-un-plan-durgence-de-55-milliards-f-cfa-pour-les-personnes-affectees\/"},"modified":"2019-02-14T15:44:41","modified_gmt":"2019-02-14T20:44:41","slug":"attaques-terroristes-un-plan-durgence-de-55-milliards-f-cfa-pour-les-personnes-affectees","status":"publish","type":"post","link":"https:\/\/linitiative.ca\/International\/attaques-terroristes-un-plan-durgence-de-55-milliards-f-cfa-pour-les-personnes-affectees\/","title":{"rendered":"Attaques terroristes  : un plan d\u2019urgence de 55 milliards  F CFA pour les personnes affect\u00e9es"},"content":{"rendered":"<div class=\"td-post-featured-image\"><a href=\"https:\/\/i0.wp.com\/www.sidwaya.info\/wp-content\/uploads\/2019\/02\/1-21.jpg?fit=728%2C486&#038;ssl=1\" data-caption=\"\"><img loading=\"lazy\" decoding=\"async\" width=\"696\" height=\"465\" class=\"entry-thumb td-modal-image\" src=\"https:\/\/i0.wp.com\/www.sidwaya.info\/wp-content\/uploads\/2019\/02\/1-21.jpg?resize=696%2C465&#038;ssl=1\" srcset=\"https:\/\/i0.wp.com\/www.sidwaya.info\/wp-content\/uploads\/2019\/02\/1-21.jpg?w=728&#038;ssl=1 728w, https:\/\/i0.wp.com\/www.sidwaya.info\/wp-content\/uploads\/2019\/02\/1-21.jpg?resize=300%2C200&#038;ssl=1 300w, https:\/\/i0.wp.com\/www.sidwaya.info\/wp-content\/uploads\/2019\/02\/1-21.jpg?resize=696%2C465&#038;ssl=1 696w, https:\/\/i0.wp.com\/www.sidwaya.info\/wp-content\/uploads\/2019\/02\/1-21.jpg?resize=629%2C420&#038;ssl=1 629w\" sizes=\"auto, (max-width: 696px) 100vw, 696px\" alt=\"\" title=\"1\"\/><\/a><\/div>\n<p><strong>Le minist\u00e8re de la Femme, de la Solidarit\u00e9 nationale, de la Famille et de l\u2019Action humanitaire a lanc\u00e9, le jeudi 14 f\u00e9vrier 2019 \u00e0 Ouagadougou, au cours d\u2019une conf\u00e9rence de presse, le Plan d\u2019urgence 2019. Il vise \u00e0 soutenir plus d\u2019un million de personnes touch\u00e9es par la crise que traverse le Burkina Faso, \u00e0 la suite des attaques terroristes.<\/strong><\/p>\n<p>\u00abL\u2019ins\u00e9curit\u00e9 croissante a forc\u00e9 83 mille personnes \u00e0 fuir leurs maisons \u00e0 la suite des attaques terroristes et des affrontements violents. 1025 \u00e9coles ferm\u00e9es ont priv\u00e9 150 mille enfants d\u2019\u00e9ducation dans une r\u00e9gion d\u00e9j\u00e0 caract\u00e9ris\u00e9e par de faibles taux de scolarisation. 466 mille enfants font face \u00e0 la malnutrition et 120 mille personnes n\u2019ont pas acc\u00e8s aux soins m\u00e9dicaux\u00bb. C\u2019est le bilan fait par la ministre en charge de l\u2019action humanitaire, H\u00e9l\u00e8ne Marie Laurence Ilboudo\/Marchal, aux hommes de m\u00e9dias, le jeudi 14 f\u00e9vrier 2019 \u00e0 Ouagadougou. Face \u00e0 cette situation d\u00e9plorable, un plan d\u2019urgence a \u00e9t\u00e9 \u00e9labor\u00e9. Il va n\u00e9cessiter environ 55 milliards F CFA, en vue de fournir de la nourriture, de l\u2019eau, des abris, des soins de sant\u00e9 et de la protection \u00e0 900 mille personnes les plus touch\u00e9es par la crise. De l\u2019avis de Mme Ilboudo, ce plan s\u2019inscrit dans une r\u00e9elle ambition de relever un certain nombre de d\u00e9fis li\u00e9s \u00e0 l\u2019action humanitaire.<\/p>\n<p>Il s\u2019agit, entre autres, d\u2019une meilleure coordination pour plus d\u2019efficacit\u00e9 dans la prise en charge des besoins, une approche holistique qui prend en compte toutes les probl\u00e9matiques dans une r\u00e9ponse d\u2019urgence et d\u2019un suivi des actions de tous les intervenants, ainsi que l\u2019utilisation des ressources allou\u00e9es. \u00ab1,2 million de personnes auront besoin d\u2019une assistance humanitaire en 2019. Et le gouvernement, \u00e0 travers mon d\u00e9partement, marque son engagement pour la mise en \u0153uvre effective de ce Plan et il entend assurer en toute responsabilit\u00e9, la coordination des actions y aff\u00e9rentes \u00bb, a-t-elle fait savoir. Pour la Coordonnatrice-r\u00e9sidente du syst\u00e8me des Nations unies, Metsi Makhetha, cette r\u00e9ponse d\u2019urgence est n\u00e9cessaire pour prot\u00e9ger les personnes affect\u00e9es, quel que soit l\u2019endroit o\u00f9 elles se trouvent dans le territoire national. \u00abSi cette crise est une alerte, elle est aussi une occasion unique aux partenaires, de faire un grand bond sur la mise en \u0153uvre des engagements majeurs du sommet humanitaire mondial dont la n\u00e9cessit\u00e9 est d\u2019assurer que personne ne soit laiss\u00e9e pour compte\u00bb, a rappel\u00e9 Mme Makhetha.<\/p>\n<p>A la question de savoir si la crise de Yirgou \u00e9tait concern\u00e9e par ce plan et si les fonds \u00e9taient disponibles, la ministre Ilboudo a signifi\u00e9 que depuis 2016, le Burkina Faso fait face \u00e0 des attaques terroristes et toutes les personnes d\u00e9plac\u00e9es doivent \u00eatre prises en compte dans ce plan. A l\u2019entendre, c\u2019est plus de 400 millions F CFA qui ont \u00e9t\u00e9 d\u00e9j\u00e0 d\u00e9bours\u00e9s par le gouvernement burkinab\u00e8 depuis les multiples crises. Quant \u00e0 la<br \/>2e pr\u00e9occupation, la Coordonnatrice-r\u00e9sidente du syst\u00e8me des Nations unies a not\u00e9, qu\u2019il y a des actions d\u00e9j\u00e0 entreprises et elles font partie des fonds engag\u00e9s.<\/p>\n<p class=\"c1\"><strong>Afs\u00e9tou SAWADOGO<\/strong><\/p>\n<div class=\"td-a-rec td-a-rec-id-content_bottom td_uid_21_5c65ef4cd6ac2_rand td_block_template_1\"><img loading=\"lazy\" decoding=\"async\" class=\"alignright size-full wp-image-1724\" src=\"https:\/\/www.sidwaya.info\/wp-content\/uploads\/2018\/12\/sidwaya-pub.jpg\" alt=\"\" width=\"720\" height=\"90\"\/><\/div>\n<p>Auteur: DD. Sidwaya<br \/>\n<a href=\"https:\/\/www.sidwaya.info\/blog\/2019\/02\/14\/attaques-terroristes-un-plan-durgence-de-55-milliards-f-cfa-pour-les-personnes-affectees\/\">Cliquez ici pour lire l&rsquo;article depuis sa source.<\/a><\/p>\n","protected":false},"excerpt":{"rendered":"<p>Le minist\u00e8re de la Femme, de la Solidarit\u00e9 nationale, de la Famille et de l\u2019Action humanitaire a lanc\u00e9, le jeudi 14 f\u00e9vrier 2019 \u00e0 Ouagadougou, au cours d\u2019une conf\u00e9rence de presse, le Plan d\u2019urgence 2019. Il vise \u00e0 soutenir plus d\u2019un million de personnes touch\u00e9es par la crise que traverse le Burkina Faso, \u00e0 la [&hellip;]<\/p>\n","protected":false},"author":1816,"featured_media":0,"comment_status":"closed","ping_status":"closed","sticky":false,"template":"","format":"standard","meta":{"fifu_image_url":"","fifu_image_alt":"","footnotes":""},"categories":[73,81],"tags":[],"class_list":["post-14305","post","type-post","status-publish","format-standard","hentry","category-actualite","category-burkina-faso"],"_links":{"self":[{"href":"https:\/\/linitiative.ca\/International\/wp-json\/wp\/v2\/posts\/14305","targetHints":{"allow":["GET"]}}],"collection":[{"href":"https:\/\/linitiative.ca\/International\/wp-json\/wp\/v2\/posts"}],"about":[{"href":"https:\/\/linitiative.ca\/International\/wp-json\/wp\/v2\/types\/post"}],"author":[{"embeddable":true,"href":"https:\/\/linitiative.ca\/International\/wp-json\/wp\/v2\/users\/1816"}],"replies":[{"embeddable":true,"href":"https:\/\/linitiative.ca\/International\/wp-json\/wp\/v2\/comments?post=14305"}],"version-history":[{"count":0,"href":"https:\/\/linitiative.ca\/International\/wp-json\/wp\/v2\/posts\/14305\/revisions"}],"wp:attachment":[{"href":"https:\/\/linitiative.ca\/International\/wp-json\/wp\/v2\/media?parent=14305"}],"wp:term":[{"taxonomy":"category","embeddable":true,"href":"https:\/\/linitiative.ca\/International\/wp-json\/wp\/v2\/categories?post=14305"},{"taxonomy":"post_tag","embeddable":true,"href":"https:\/\/linitiative.ca\/International\/wp-json\/wp\/v2\/tags?post=14305"}],"curies":[{"name":"wp","href":"https:\/\/api.w.org\/{rel}","templated":true}]}}