{"id":143055,"date":"2022-03-13T08:34:22","date_gmt":"2022-03-13T12:34:22","guid":{"rendered":"https:\/\/linitiative.ca\/International\/filiere-des-oleagineux-le-gouvernement-dement-toute-augmentation-des-prix-des-huiles-vegetales\/"},"modified":"2022-03-13T08:34:22","modified_gmt":"2022-03-13T12:34:22","slug":"filiere-des-oleagineux-le-gouvernement-dement-toute-augmentation-des-prix-des-huiles-vegetales","status":"publish","type":"post","link":"https:\/\/linitiative.ca\/International\/filiere-des-oleagineux-le-gouvernement-dement-toute-augmentation-des-prix-des-huiles-vegetales\/","title":{"rendered":"Fili\u00e8re des ol\u00e9agineux\u00a0: le Gouvernement d\u00e9ment toute augmentation des prix des huiles v\u00e9g\u00e9tales\u00a0\u00a0"},"content":{"rendered":"<div>\n<p>Le march\u00e9 des denr\u00e9es alimentaires au Cameroun est en proie \u00e0 une inflation g\u00e9n\u00e9ralis\u00e9e. Les prix des produits de grande consommation en particulier, connaissent une hausse drastique. Des augmentations g\u00e9n\u00e9ralement d\u00e9cid\u00e9es unilat\u00e9ralement par les op\u00e9rateurs du secteur, sans l\u2019aval du r\u00e9gulateur qui est le minist\u00e8re du Commerce, et au grand dam du consommateur. C\u2019est le cas des huiles v\u00e9g\u00e9tales, \u00e0 l\u2019instar de l\u2019huile Mayor, qui est vendu jusqu\u2019\u00e0 1400 FCFA dans certaines \u00e9choppes, soit une augmentation de 16% sur le prix homologu\u00e9 par le minist\u00e8re, qui est de 1200 FCFA.<\/p>\n<p><strong>Lire aussi<\/strong> : <strong><a href=\"https:\/\/ecomatin.net\/le-cameroun-sappuie-sur-le-gabon-pour-securiser-des-stocks-dhuile-de-palme-sur-au-moins-3-mois\/\">Le Cameroun s\u2019appuie sur le Gabon pour s\u00e9curiser des stocks d\u2019huile de palme sur au moins 3 mois<\/a><\/strong><\/p>\n<p>Face \u00e0 ce d\u00e9r\u00e8glement des prix, le r\u00e9gulateur a de nouveau fait savoir que les huiles v\u00e9g\u00e9tales n\u2019avaient connu aucune hausse des prix sur le march\u00e9. \u00ab\u00a0Selon Certaines informations qui circulent depuis quelques jours sur les r\u00e9seaux sociaux, les prix des\u00a0 huiles v\u00e9g\u00e9tales auraient \u00e9t\u00e9 revus \u00e0 la hausse. En l\u2019occurrence, le prix du litre de\u00a0 Mayor vendu \u00e0 1800 FCFA\u00a0 d\u2019apr\u00e8s une lanceuse d\u2019alerte. Nous appelons les consommateurs \u00e0 plus de vigilance face \u00e0 ces fausses informations. Monsieur Luc Magloire Mbarga Atangana Ministre du Commerce n\u2019a proc\u00e9d\u00e9 \u00e0 aucune augmentation de prix des huiles v\u00e9g\u00e9tales au Cameroun\u00a0\u00bb, renseigne la page Facebook du minist\u00e8re.<\/p>\n<p><strong>Lire aussi<\/strong> : <strong><a href=\"https:\/\/ecomatin.net\/inflation-quand-les-distributeurs-entretiennent-la-speculation-sur-les-produits-azur\/\">Inflation\u00a0: quand les distributeurs entretiennent la sp\u00e9culation sur les produits Azur<\/a><\/strong><\/p>\n<p>Il va sans dire que cette inflation est essentiellement entretenue par les distributeurs. D\u2019ailleurs, dans un de nos pr\u00e9c\u00e9dents articles, la soci\u00e9t\u00e9 Azur S.A l\u2019indiquait fort \u00e0 propos, et accusaient clairement les revendeurs d\u2019appliquer des prix hors norme sur leurs produits, en l\u2019occurrence l\u2019huile \u00ab\u00a0Azur Gold\u00a0\u00bb.<\/p>\n<p>Cette pratique est contraire \u00e0 la r\u00e9glementation en vigueur, notamment la loi de 2015 r\u00e9gissant l\u2019activit\u00e9 commerciale au Cameroun. Celle-ci dispose que toute augmentation de prix est soumise \u00e0 une obligation de d\u00e9p\u00f4t pr\u00e9alable des bar\u00e8mes. \u00ab\u00a0Si un op\u00e9rateur veut modifier les prix pour des raisons \u00e9conomiques, il ne doit pas le faire tout seul. Il doit saisir le ministre du commerce de sa volont\u00e9 de modifier les prix. Il est oblig\u00e9 de d\u00e9poser un nouveau bar\u00e8me de prix aupr\u00e8s du ministre. Lequel dispose d\u2019un\u00a0 d\u00e9lai de 15 jours, soit pour accepter, soit pour refuser\u00a0\u00bb, expliquait nagu\u00e8re Luc Magloire Mbarga Atangana, au terme d\u2019une op\u00e9ration de contr\u00f4le des prix des denr\u00e9es alimentaires dans certains march\u00e9s de Yaound\u00e9.<\/p>\n<p><strong>Lire aussi <\/strong>: <strong><a href=\"https:\/\/ecomatin.net\/denrees-alimentaires-le-gouvernement-a-lepreuve-des-prix-x-circonstanciels-et-de-la-surenchere-dans-les-marches\/\">Denr\u00e9es alimentaires : le Gouvernement \u00e0 l\u2019\u00e9preuve des prix circonstanciels et de la surench\u00e8re dans les march\u00e9s<\/a><\/strong><\/p>\n<p>L\u2019article <a rel=\"nofollow\" href=\"https:\/\/ecomatin.net\/filiere-des-oleagineux-le-gouvernement-dement-toute-augmentation-n-des-prix-des-huiles-vegetales\/\">Fili\u00e8re des ol\u00e9agineux\u00a0: le Gouvernement d\u00e9ment toute augmentation des prix des huiles v\u00e9g\u00e9tales\u00a0\u00a0<\/a> est apparu en premier sur <a rel=\"nofollow\" href=\"https:\/\/ecomatin.net\/\">EcoMatin<\/a>.<\/p>\n<\/div>\n<p>Auteur: Yannick KENNE<br \/>\n<a href=\"https:\/\/ecomatin.net\/filiere-des-oleagineux-le-gouvernement-dement-toute-augmentation-n-des-prix-des-huiles-vegetales\/\">Cliquez ici pour lire l&rsquo;article depuis sa source.<\/a><\/p>\n","protected":false},"excerpt":{"rendered":"<p>Le march\u00e9 des denr\u00e9es alimentaires au Cameroun est en proie \u00e0 une inflation g\u00e9n\u00e9ralis\u00e9e. Les prix des produits de grande consommation en particulier, connaissent une hausse drastique. Des augmentations g\u00e9n\u00e9ralement d\u00e9cid\u00e9es unilat\u00e9ralement par les op\u00e9rateurs du secteur, sans l\u2019aval du r\u00e9gulateur qui est le minist\u00e8re du Commerce, et au grand dam du consommateur. C\u2019est le [&hellip;]<\/p>\n","protected":false},"author":1969,"featured_media":0,"comment_status":"closed","ping_status":"closed","sticky":false,"template":"","format":"standard","meta":{"fifu_image_url":"","fifu_image_alt":"","footnotes":""},"categories":[82,78],"tags":[],"class_list":["post-143055","post","type-post","status-publish","format-standard","hentry","category-cameroun","category-economie"],"_links":{"self":[{"href":"https:\/\/linitiative.ca\/International\/wp-json\/wp\/v2\/posts\/143055","targetHints":{"allow":["GET"]}}],"collection":[{"href":"https:\/\/linitiative.ca\/International\/wp-json\/wp\/v2\/posts"}],"about":[{"href":"https:\/\/linitiative.ca\/International\/wp-json\/wp\/v2\/types\/post"}],"author":[{"embeddable":true,"href":"https:\/\/linitiative.ca\/International\/wp-json\/wp\/v2\/users\/1969"}],"replies":[{"embeddable":true,"href":"https:\/\/linitiative.ca\/International\/wp-json\/wp\/v2\/comments?post=143055"}],"version-history":[{"count":0,"href":"https:\/\/linitiative.ca\/International\/wp-json\/wp\/v2\/posts\/143055\/revisions"}],"wp:attachment":[{"href":"https:\/\/linitiative.ca\/International\/wp-json\/wp\/v2\/media?parent=143055"}],"wp:term":[{"taxonomy":"category","embeddable":true,"href":"https:\/\/linitiative.ca\/International\/wp-json\/wp\/v2\/categories?post=143055"},{"taxonomy":"post_tag","embeddable":true,"href":"https:\/\/linitiative.ca\/International\/wp-json\/wp\/v2\/tags?post=143055"}],"curies":[{"name":"wp","href":"https:\/\/api.w.org\/{rel}","templated":true}]}}