{"id":143056,"date":"2022-03-13T12:01:34","date_gmt":"2022-03-13T16:01:34","guid":{"rendered":"https:\/\/linitiative.ca\/International\/sante-la-loi-de-finances-2023-disposera-dune-provision-financiere-pour-la-suite-du-programme-conjoint-minsante-afd-kfw\/"},"modified":"2022-03-13T12:01:34","modified_gmt":"2022-03-13T16:01:34","slug":"sante-la-loi-de-finances-2023-disposera-dune-provision-financiere-pour-la-suite-du-programme-conjoint-minsante-afd-kfw","status":"publish","type":"post","link":"https:\/\/linitiative.ca\/International\/sante-la-loi-de-finances-2023-disposera-dune-provision-financiere-pour-la-suite-du-programme-conjoint-minsante-afd-kfw\/","title":{"rendered":"Sant\u00e9\u00a0: la loi de finances 2023, disposera d\u2019une provision financi\u00e8re pour la suite du programme conjoint Minsant\u00e9\/AFD\/KFW"},"content":{"rendered":"<div>\n<p>Il y a plus de 5 ans, le minist\u00e8re de la Sant\u00e9 Publique (Minsante), l\u2019Agence fran\u00e7aise de D\u00e9veloppement (AFD) et la Banque allemande de d\u00e9veloppement\u00a0<strong>Kreditanstalt f\u00fcr Wiederaufbau\u00a0<\/strong>(KFW), ont mis sur pied le programme conjoint\u00a0<strong>Minsante\/AFD\/KFW<\/strong>. Le but de cette initiative \u00e9tait de contribuer \u00e0 l\u2019am\u00e9lioration de la sant\u00e9 des populations du Cameroun surtout les plus vuln\u00e9rables (femmes enceintes et enfants), de la gouvernance du syst\u00e8me de sant\u00e9, mais aussi de renforcer\u00a0l\u2019accessibilit\u00e9 et la qualit\u00e9 des services de sant\u00e9. Apr\u00e8s plusieurs ann\u00e9es de de mise en \u0153uvre (dans la partie septentrionale du pays) et un financement global de pr\u00e8s de 40 milliards de FCFA (AFD: 35 millions d\u2019euros (23 milliards de Fcfa), KFW: 22,5 millions d\u2019euros (14,7 milliards de FCFA), selon le protocole d\u2019accord Cameroun \u2013 AFD \u2013 KFW sign\u00e9 en 2009), le projet va rentrer en gare en d\u00e9cembre 2022.<\/p>\n<p>Pourtant, pour le gouvernement camerounais, la fin du projet ne signifie pas la fin des engagements pris pour l\u2019am\u00e9lioration du syst\u00e8me de sant\u00e9 national. Si l\u2019on s\u2019en tient aux informations relay\u00e9es par le minist\u00e8re de la Sant\u00e9 Publique, une provision financi\u00e8re dont le montant n\u2019a pas \u00e9t\u00e9 d\u00e9voil\u00e9 sera am\u00e9nag\u00e9 dans la loi de finances 2023. Elle va servir \u00e0 la poursuite du programme\u00a0<strong>Minsante\/AFD\/KFW.<\/strong>\u00a0Mais surtout, \u00e0 capitaliser les exp\u00e9riences et comp\u00e9tences acquises dans la mise en \u0153uvre de celui-ci, pour mieux les aligner (surtout le Ch\u00e8que sant\u00e9, ndlr) dans le processus de lancement de la Couverture sant\u00e9 universelle. A cette nouvelle enveloppe budg\u00e9taire, il faut adjoindre une promesse de 10 millions d\u2019euros (6,5 milliards de FCFA) faites par l\u2019Agence fran\u00e7aise de D\u00e9veloppement<\/p>\n<p><strong>Bilan partiel du projet<\/strong><\/p>\n<p>\u00a0A 9 mois\u00a0 de la cl\u00f4ture du programme, les diff\u00e9rentes parties impliqu\u00e9es dans son impl\u00e9mentation revendiquent un bilan satisfaisant. Le minist\u00e8re de la Sant\u00e9 Publique indique, en ce qui concerne le volet consacr\u00e9 au renforcement de l\u2019accessibilit\u00e9 et la qualit\u00e9 des services de sant\u00e9, que \u00a061 formations sanitaires ont \u00e9t\u00e9 r\u00e9habilit\u00e9es et \u00e9quip\u00e9es dans les 3 r\u00e9gions septentrionales du Cameroun (Nord, Extreme-Nord, Adamaoua). Les populations vuln\u00e9rables de cette partie du pays, notamment les femmes enceintes, ont \u00e9galement b\u00e9n\u00e9fici\u00e9 de la mise en place du Ch\u00e8que Sant\u00e9 en 2015. Il s\u2019agit d\u2019un syst\u00e8me de pr\u00e9paiement permettant le suivi int\u00e9gral de la grossesse, un accouchement s\u00e9curis\u00e9 et un suivi postnatal allant jusqu\u2019\u00e0 42 jours apr\u00e8s l\u2019accouchement. \u00ab\u00a0La femme enceinte d\u00e9tentrice du ch\u00e8que sant\u00e9 qu\u2019elle paie \u00e0 6 000 FCFA est prise en charge gratuitement pour tous les soins pr\u00e9vus par le ch\u00e8que dans les formations sanitaires accr\u00e9dit\u00e9es et conventionn\u00e9es par le projet ch\u00e8que sant\u00e9\u00a0\u00bb, expliquait l\u2019unit\u00e9 de coordination du projet conjoint Minsante\/AFD\/KFW.A ce jour,\u00a0 400\u00a0000 ch\u00e8ques sant\u00e9 ont \u00e9t\u00e9 vendus \u00e0 300\u00a0000 femmes indique le minist\u00e8re de la Sant\u00e9.<\/p>\n<p>Toutefois, il existe encore quelques ajustements \u00e0 effectuer pour cl\u00f4turer sereinement le programme. \u00a0Le Minsante \u00e9voque notamment la prise en charge du \u00abtiers payant\u00bb dans le cadre du ch\u00e8que sant\u00e9, l\u2019ancrage institutionnel des Fonds r\u00e9gionaux pour la promotion de la sant\u00e9, ainsi que la justification de l\u2019utilisation des fonds mis \u00e0 disposition.<\/p>\n<p>L\u2019article <a rel=\"nofollow\" href=\"https:\/\/ecomatin.net\/sante-la-loi-de-finances-2023-disposera-dune-provision-financiere-pour-la-suite-du-programme-conjoint-minsante-afd-kfw\/\">Sant\u00e9\u00a0: la loi de finances 2023, disposera d\u2019une provision financi\u00e8re pour la suite du programme conjoint Minsant\u00e9\/AFD\/KFW<\/a> est apparu en premier sur <a rel=\"nofollow\" href=\"https:\/\/ecomatin.net\/\">EcoMatin<\/a>.<\/p>\n<\/div>\n<p>Auteur: Paul Tjeg<br \/>\n<a href=\"https:\/\/ecomatin.net\/sante-la-loi-de-finances-2023-disposera-dune-provision-financiere-pour-la-suite-du-programme-conjoint-minsante-afd-kfw\/\">Cliquez ici pour lire l&rsquo;article depuis sa source.<\/a><\/p>\n","protected":false},"excerpt":{"rendered":"<p>Il y a plus de 5 ans, le minist\u00e8re de la Sant\u00e9 Publique (Minsante), l\u2019Agence fran\u00e7aise de D\u00e9veloppement (AFD) et la Banque allemande de d\u00e9veloppement\u00a0Kreditanstalt f\u00fcr Wiederaufbau\u00a0(KFW), ont mis sur pied le programme conjoint\u00a0Minsante\/AFD\/KFW. Le but de cette initiative \u00e9tait de contribuer \u00e0 l\u2019am\u00e9lioration de la sant\u00e9 des populations du Cameroun surtout les plus vuln\u00e9rables [&hellip;]<\/p>\n","protected":false},"author":1969,"featured_media":0,"comment_status":"closed","ping_status":"closed","sticky":false,"template":"","format":"standard","meta":{"fifu_image_url":"","fifu_image_alt":"","footnotes":""},"categories":[82,78],"tags":[],"class_list":["post-143056","post","type-post","status-publish","format-standard","hentry","category-cameroun","category-economie"],"_links":{"self":[{"href":"https:\/\/linitiative.ca\/International\/wp-json\/wp\/v2\/posts\/143056","targetHints":{"allow":["GET"]}}],"collection":[{"href":"https:\/\/linitiative.ca\/International\/wp-json\/wp\/v2\/posts"}],"about":[{"href":"https:\/\/linitiative.ca\/International\/wp-json\/wp\/v2\/types\/post"}],"author":[{"embeddable":true,"href":"https:\/\/linitiative.ca\/International\/wp-json\/wp\/v2\/users\/1969"}],"replies":[{"embeddable":true,"href":"https:\/\/linitiative.ca\/International\/wp-json\/wp\/v2\/comments?post=143056"}],"version-history":[{"count":0,"href":"https:\/\/linitiative.ca\/International\/wp-json\/wp\/v2\/posts\/143056\/revisions"}],"wp:attachment":[{"href":"https:\/\/linitiative.ca\/International\/wp-json\/wp\/v2\/media?parent=143056"}],"wp:term":[{"taxonomy":"category","embeddable":true,"href":"https:\/\/linitiative.ca\/International\/wp-json\/wp\/v2\/categories?post=143056"},{"taxonomy":"post_tag","embeddable":true,"href":"https:\/\/linitiative.ca\/International\/wp-json\/wp\/v2\/tags?post=143056"}],"curies":[{"name":"wp","href":"https:\/\/api.w.org\/{rel}","templated":true}]}}