{"id":143060,"date":"2022-03-14T09:36:35","date_gmt":"2022-03-14T13:36:35","guid":{"rendered":"https:\/\/linitiative.ca\/International\/energies-renouvelables-le-maroc-cite-en-exemple-dans-les-instances-internationales-souligne-idrissi-kaitouni\/"},"modified":"2022-03-14T09:36:35","modified_gmt":"2022-03-14T13:36:35","slug":"energies-renouvelables-le-maroc-cite-en-exemple-dans-les-instances-internationales-souligne-idrissi-kaitouni","status":"publish","type":"post","link":"https:\/\/linitiative.ca\/International\/energies-renouvelables-le-maroc-cite-en-exemple-dans-les-instances-internationales-souligne-idrissi-kaitouni\/","title":{"rendered":"Energies renouvelables: Le Maroc cit\u00e9 en exemple dans les instances internationales, souligne Idrissi Kaitouni"},"content":{"rendered":"<div>\n<p><img loading=\"lazy\" decoding=\"async\" width=\"300\" height=\"153\" src=\"https:\/\/linitiative.ca\/International\/wp-content\/uploads\/sites\/23\/2022\/03\/Rachid-idrissi-kaitouni-ConfeCC81rence-de-leCC81nergie-1-300x153-1.jpg\" class=\"attachment-medium size-medium wp-post-image\" alt=\"\" srcset=\"https:\/\/linitiative.ca\/International\/wp-content\/uploads\/sites\/23\/2022\/03\/Rachid-idrissi-kaitouni-ConfeCC81rence-de-leCC81nergie-1-300x153-1.jpg 300w, https:\/\/aujourdhui.ma\/wp-content\/uploads\/2022\/03\/Rachid-idrissi-kaitouni-Confe\u0301rence-de-le\u0301nergie-1-274x140.jpg 274w, https:\/\/aujourdhui.ma\/wp-content\/uploads\/2022\/03\/Rachid-idrissi-kaitouni-Confe\u0301rence-de-le\u0301nergie-1.jpg 746w, https:\/\/aujourdhui.ma\/wp-content\/uploads\/2022\/03\/Rachid-idrissi-kaitouni-Confe\u0301rence-de-le\u0301nergie-1-165x84.jpg 165w, https:\/\/aujourdhui.ma\/wp-content\/uploads\/2022\/03\/Rachid-idrissi-kaitouni-Confe\u0301rence-de-le\u0301nergie-1-702x358.jpg 702w\" sizes=\"auto, (max-width: 300px) 100vw, 300px\"><\/p>\n<p><span style=\"font-size: 20px; color: #800000;\"><strong>Le savoir-faire du Maroc dans le domaine des \u00e9nergies renouvelables est recherch\u00e9 par plusieurs pays d\u00e9sireux d\u2019exploiter leur potentiel en la mati\u00e8re pour g\u00e9n\u00e9raliser l\u2019acc\u00e8s \u00e0 l\u2019\u00e9nergie sur leur territoire, a affirm\u00e9, lundi \u00e0 Rabat, le pr\u00e9sident de la F\u00e9d\u00e9ration de l\u2019\u00e9nergie, Rachid Idrissi Kaitouni.<\/strong><\/span><br \/>\n<span style=\"color: #800000;\"><span id=\"more-402377\"><\/span><\/span><\/p>\n<p>Intervenant \u00e0 l\u2019ouverture des travaux de la 15\u00e8me conf\u00e9rence de l\u2019\u00e9nergie sous le th\u00e8me \u00ab\u00a0Transition \u00e9nerg\u00e9tique: bilan d\u2019\u00e9tape et perspectives 2035\u00a0\u00bb, M. Kaitouni a soulign\u00e9 que le Royaume est cit\u00e9 en exemple dans les instances internationales de par son exp\u00e9rience et ses r\u00e9alisations dans le domaine des \u00e9nergies renouvelables.<\/p>\n<p>Il a, \u00e0 cet \u00e9gard, mis en avant l\u2019importance pour le Royaume de garder, voire am\u00e9liorer, son positionnement dans ce domaine au niveau international et de prolonger son action au continent africain dans le cadre de la coop\u00e9ration Sud-Sud.<br \/>\nM. Kaitouni a \u00e9galement mis en exergue l\u2019int\u00e9r\u00eat port\u00e9 par le Royaume \u00e0 la transition \u00e9nerg\u00e9tique, comme en t\u00e9moigne la cr\u00e9ation au sein du nouveau gouvernement d\u2019un d\u00e9partement dont les pr\u00e9rogatives sont d\u00e9di\u00e9es \u00e0 cette question.<br \/>\nPar ailleurs, M. Kaitouni a indiqu\u00e9 que le Maroc a tir\u00e9 b\u00e9n\u00e9fice de ses choix strat\u00e9giques et constitue une destination phare des investissements directs \u00e9trangers dans la r\u00e9gion, notant que les \u00e9quilibres macro\u00e9conomiques du Royaume sont solides et ses choix ont \u00e9t\u00e9 concluants dans certains secteurs comme l\u2019automobile ou l\u2019a\u00e9ronautique.<\/p>\n<p>Pour garder son attractivit\u00e9, le Royaume devrait monter en gamme en int\u00e9grant, pr\u00e9cis\u00e9ment, les technologies, les services et surtout les imp\u00e9ratifs de durabilit\u00e9, estime M.Kaitouni.<br \/>\nEt d\u2019ajouter que le Maroc s\u2019investit activement dans le d\u00e9veloppement durable et ambitionne d\u2019\u00eatre depuis une dizaine d\u2019ann\u00e9es \u00e0 l\u2019avant-garde de la transition \u00e9nerg\u00e9tique.<\/p>\n<p>Organis\u00e9e sous le Haut Patronage de SM le Roi Mohammed VI par la F\u00e9d\u00e9ration de l\u2019\u00e9nergie avec l\u2019appui du minist\u00e8re de la Transition \u00e9nerg\u00e9tique et du D\u00e9veloppement durable, la 15e conf\u00e9rence de l\u2019\u00e9nergie rassemble une pl\u00e9iade de personnalit\u00e9s institutionnelles marocaines et \u00e9trang\u00e8res r\u00e9unies pour dresser le bilan d\u2019\u00e9tape et surtout parler des perspectives d\u2019avenir d\u2019un secteur hautement strat\u00e9gique.<br \/>\nLes \u00e9changes lors de la 15e conf\u00e9rence de l\u2019\u00e9nergie dont les \u00c9mirats Arabes Unis est le pays invit\u00e9 d\u2019honneur, permettront d\u2019\u00e9mettre, \u00e0 la lumi\u00e8re des derni\u00e8res \u00e9volutions au niveau national et international, des propositions concr\u00e8tes susceptibles de contribuer \u00e0 l\u2019\u00e9laboration d\u2019une strat\u00e9gie nationale renouvel\u00e9e pour l\u2019\u00e9nergie, avec plus d\u2019ambition et de r\u00e9alisme.<\/p>\n<\/div>\n<p>Auteur: ALM<br \/>\n<a href=\"https:\/\/aujourdhui.ma\/economie\/energies-renouvelables-le-maroc-cite-en-exemple-dans-les-instances-internationales-souligne-idrissi-kaitouni\">Cliquez ici pour lire l&rsquo;article depuis sa source.<\/a><\/p>\n","protected":false},"excerpt":{"rendered":"<p>Le savoir-faire du Maroc dans le domaine des \u00e9nergies renouvelables est recherch\u00e9 par plusieurs pays d\u00e9sireux d\u2019exploiter leur potentiel en la mati\u00e8re pour g\u00e9n\u00e9raliser l\u2019acc\u00e8s \u00e0 l\u2019\u00e9nergie sur leur territoire, a affirm\u00e9, lundi \u00e0 Rabat, le pr\u00e9sident de la F\u00e9d\u00e9ration de l\u2019\u00e9nergie, Rachid Idrissi Kaitouni. Intervenant \u00e0 l\u2019ouverture des travaux de la 15\u00e8me conf\u00e9rence de [&hellip;]<\/p>\n","protected":false},"author":1759,"featured_media":0,"comment_status":"closed","ping_status":"closed","sticky":false,"template":"","format":"standard","meta":{"fifu_image_url":"https:\/\/aujourdhui.ma\/wp-content\/uploads\/2022\/03\/Rachid-idrissi-kaitouni-Confe\u0301rence-de-le\u0301nergie-1-300x153.jpg","fifu_image_alt":"Energies renouvelables: Le Maroc cit\u00e9 en exemple dans les instances internationales, souligne Idrissi Kaitouni","footnotes":""},"categories":[73,54],"tags":[],"class_list":["post-143060","post","type-post","status-publish","format-standard","hentry","category-actualite","category-maroc"],"_links":{"self":[{"href":"https:\/\/linitiative.ca\/International\/wp-json\/wp\/v2\/posts\/143060","targetHints":{"allow":["GET"]}}],"collection":[{"href":"https:\/\/linitiative.ca\/International\/wp-json\/wp\/v2\/posts"}],"about":[{"href":"https:\/\/linitiative.ca\/International\/wp-json\/wp\/v2\/types\/post"}],"author":[{"embeddable":true,"href":"https:\/\/linitiative.ca\/International\/wp-json\/wp\/v2\/users\/1759"}],"replies":[{"embeddable":true,"href":"https:\/\/linitiative.ca\/International\/wp-json\/wp\/v2\/comments?post=143060"}],"version-history":[{"count":0,"href":"https:\/\/linitiative.ca\/International\/wp-json\/wp\/v2\/posts\/143060\/revisions"}],"wp:attachment":[{"href":"https:\/\/linitiative.ca\/International\/wp-json\/wp\/v2\/media?parent=143060"}],"wp:term":[{"taxonomy":"category","embeddable":true,"href":"https:\/\/linitiative.ca\/International\/wp-json\/wp\/v2\/categories?post=143060"},{"taxonomy":"post_tag","embeddable":true,"href":"https:\/\/linitiative.ca\/International\/wp-json\/wp\/v2\/tags?post=143060"}],"curies":[{"name":"wp","href":"https:\/\/api.w.org\/{rel}","templated":true}]}}