{"id":143064,"date":"2022-03-14T11:05:29","date_gmt":"2022-03-14T15:05:29","guid":{"rendered":"https:\/\/linitiative.ca\/International\/aziz-akhannouch-recoit-le-ministre-emirati-de-lindustrie-et-des-technologies-avancees\/"},"modified":"2022-03-14T11:05:29","modified_gmt":"2022-03-14T15:05:29","slug":"aziz-akhannouch-recoit-le-ministre-emirati-de-lindustrie-et-des-technologies-avancees","status":"publish","type":"post","link":"https:\/\/linitiative.ca\/International\/aziz-akhannouch-recoit-le-ministre-emirati-de-lindustrie-et-des-technologies-avancees\/","title":{"rendered":"Aziz Akhannouch re\u00e7oit le ministre \u00e9mirati de l\u2019Industrie et des technologies avanc\u00e9es"},"content":{"rendered":"<div>\n<p><img loading=\"lazy\" decoding=\"async\" width=\"300\" height=\"153\" src=\"https:\/\/linitiative.ca\/International\/wp-content\/uploads\/sites\/23\/2022\/03\/Akhannouch-et-Sultan-bin-Ahmed-Al-Jaber-300x153-1.jpg\" class=\"attachment-medium size-medium wp-post-image\" alt=\"\" srcset=\"https:\/\/linitiative.ca\/International\/wp-content\/uploads\/sites\/23\/2022\/03\/Akhannouch-et-Sultan-bin-Ahmed-Al-Jaber-300x153-1.jpg 300w, https:\/\/aujourdhui.ma\/wp-content\/uploads\/2022\/03\/Akhannouch-et-Sultan-bin-Ahmed-Al-Jaber-274x140.jpg 274w, https:\/\/aujourdhui.ma\/wp-content\/uploads\/2022\/03\/Akhannouch-et-Sultan-bin-Ahmed-Al-Jaber.jpg 746w, https:\/\/aujourdhui.ma\/wp-content\/uploads\/2022\/03\/Akhannouch-et-Sultan-bin-Ahmed-Al-Jaber-165x84.jpg 165w, https:\/\/aujourdhui.ma\/wp-content\/uploads\/2022\/03\/Akhannouch-et-Sultan-bin-Ahmed-Al-Jaber-702x358.jpg 702w\" sizes=\"auto, (max-width: 300px) 100vw, 300px\"><\/p>\n<p><span style=\"font-size: 20px; color: #800000;\"><strong>Le chef du gouvernement, Aziz Akhannouch, a re\u00e7u, lundi \u00e0 Rabat, le ministre \u00e9mirati de l\u2019Industrie et des technologies avanc\u00e9es, Sultan bin Ahmed Al Jaber, en visite au Maroc.<\/strong><\/span><span id=\"more-402379\"><\/span><\/p>\n<p>Lors de cette rencontre, M. Akhannouch a exprim\u00e9 sa satisfaction du niveau des relations historiques solides liant le Royaume du Maroc et l\u2019\u00c9tat des \u00c9mirats Arabes Unis, sous la sage conduite des deux chefs d\u2019\u00c9tat, SM le Roi Mohammed VI et SA Cheikh Khalifa Ben Zayed Al Nahyane.<\/p>\n<p>L\u2019entretien a \u00e9t\u00e9 \u00e9galement l\u2019occasion d\u2019examiner les perspectives de la coop\u00e9ration \u00e9conomique et industrielle maroco-\u00e9miratie et les moyens de renforcer les investissements entre les deux pays fr\u00e8res.<\/p>\n<p>Le ministre des affaires \u00e9trang\u00e8res, de la Coop\u00e9ration africaine et des Marocains r\u00e9sidant \u00e0 l\u2019\u00e9tranger, Nasser Bourita avait auparavant re\u00e7u Sultan bin Ahmed Al Jaber, au Maroc pour prendre part aux travaux de la 15\u00e8me conf\u00e9rence de l\u2019\u00e9nergie, organis\u00e9e sous le Haut Patronage de SM le Roi Mohammed VI, avec l\u2019\u00c9tat des \u00c9mirats Arabes Unis comme invit\u00e9 d\u2019honneur.<\/p>\n<p>Dimanche, le ministre \u00e9mirati et le ministre de l\u2019Industrie et du Commerce, Ryad Mezzour, ont tenu une r\u00e9union de travail ax\u00e9e sur la promotion des relations commerciales et industrielles entre le Maroc et les \u00c9mirats Arabes<\/p>\n<\/div>\n<p>Auteur: ALM<br \/>\n<a href=\"https:\/\/aujourdhui.ma\/actualite\/aziz-akhannouch-recoit-le-ministre-emirati-de-lindustrie-et-des-technologies-avancees\">Cliquez ici pour lire l&rsquo;article depuis sa source.<\/a><\/p>\n","protected":false},"excerpt":{"rendered":"<p>Le chef du gouvernement, Aziz Akhannouch, a re\u00e7u, lundi \u00e0 Rabat, le ministre \u00e9mirati de l\u2019Industrie et des technologies avanc\u00e9es, Sultan bin Ahmed Al Jaber, en visite au Maroc. Lors de cette rencontre, M. Akhannouch a exprim\u00e9 sa satisfaction du niveau des relations historiques solides liant le Royaume du Maroc et l\u2019\u00c9tat des \u00c9mirats Arabes [&hellip;]<\/p>\n","protected":false},"author":1759,"featured_media":0,"comment_status":"closed","ping_status":"closed","sticky":false,"template":"","format":"standard","meta":{"fifu_image_url":"https:\/\/aujourdhui.ma\/wp-content\/uploads\/2022\/03\/Akhannouch-et-Sultan-bin-Ahmed-Al-Jaber-300x153.jpg","fifu_image_alt":"Aziz Akhannouch re\u00e7oit le ministre \u00e9mirati de l\u2019Industrie et des technologies avanc\u00e9es","footnotes":""},"categories":[73,54],"tags":[],"class_list":["post-143064","post","type-post","status-publish","format-standard","hentry","category-actualite","category-maroc"],"_links":{"self":[{"href":"https:\/\/linitiative.ca\/International\/wp-json\/wp\/v2\/posts\/143064","targetHints":{"allow":["GET"]}}],"collection":[{"href":"https:\/\/linitiative.ca\/International\/wp-json\/wp\/v2\/posts"}],"about":[{"href":"https:\/\/linitiative.ca\/International\/wp-json\/wp\/v2\/types\/post"}],"author":[{"embeddable":true,"href":"https:\/\/linitiative.ca\/International\/wp-json\/wp\/v2\/users\/1759"}],"replies":[{"embeddable":true,"href":"https:\/\/linitiative.ca\/International\/wp-json\/wp\/v2\/comments?post=143064"}],"version-history":[{"count":0,"href":"https:\/\/linitiative.ca\/International\/wp-json\/wp\/v2\/posts\/143064\/revisions"}],"wp:attachment":[{"href":"https:\/\/linitiative.ca\/International\/wp-json\/wp\/v2\/media?parent=143064"}],"wp:term":[{"taxonomy":"category","embeddable":true,"href":"https:\/\/linitiative.ca\/International\/wp-json\/wp\/v2\/categories?post=143064"},{"taxonomy":"post_tag","embeddable":true,"href":"https:\/\/linitiative.ca\/International\/wp-json\/wp\/v2\/tags?post=143064"}],"curies":[{"name":"wp","href":"https:\/\/api.w.org\/{rel}","templated":true}]}}