{"id":143071,"date":"2022-03-14T08:07:00","date_gmt":"2022-03-14T12:07:00","guid":{"rendered":"https:\/\/linitiative.ca\/International\/saisie-du-parc-automobile-de-mahieddine-tahkout\/"},"modified":"2022-03-14T08:07:00","modified_gmt":"2022-03-14T12:07:00","slug":"saisie-du-parc-automobile-de-mahieddine-tahkout","status":"publish","type":"post","link":"https:\/\/linitiative.ca\/International\/saisie-du-parc-automobile-de-mahieddine-tahkout\/","title":{"rendered":"Saisie du parc automobile de Mahieddine Tahkout"},"content":{"rendered":"<div>Les services de s\u00fbret\u00e9 de wilaya d\u2019Alger ont proc\u00e9d\u00e9 \u00e0 la saisie de 507 v\u00e9hicules appartenant \u00e0 l\u2019homme d\u2019affaires Mahieddine Tahkout a indiqu\u00e9 un communiqu\u00e9 de la Direction G\u00e9n\u00e9rale de la Suret\u00e9 Nationale (DGSN).<\/div>\n<p>Auteur:<br \/>\n<a href=\"https:\/\/www.liberte-algerie.com\/actualite\/saisie-du-parc-automobile-de-mahieddine-tahkout-374854\">Cliquez ici pour lire l&rsquo;article depuis sa source.<\/a><\/p>\n","protected":false},"excerpt":{"rendered":"<p>Les services de s\u00fbret\u00e9 de wilaya d\u2019Alger ont proc\u00e9d\u00e9 \u00e0 la saisie de 507 v\u00e9hicules appartenant \u00e0 l\u2019homme d\u2019affaires Mahieddine Tahkout a indiqu\u00e9 un communiqu\u00e9 de la Direction G\u00e9n\u00e9rale de la Suret\u00e9 Nationale (DGSN). Auteur: Cliquez ici pour lire l&rsquo;article depuis sa source.<\/p>\n","protected":false},"author":1742,"featured_media":0,"comment_status":"closed","ping_status":"closed","sticky":false,"template":"","format":"standard","meta":{"fifu_image_url":"","fifu_image_alt":"","footnotes":""},"categories":[73,53],"tags":[],"class_list":["post-143071","post","type-post","status-publish","format-standard","hentry","category-actualite","category-algerie"],"_links":{"self":[{"href":"https:\/\/linitiative.ca\/International\/wp-json\/wp\/v2\/posts\/143071","targetHints":{"allow":["GET"]}}],"collection":[{"href":"https:\/\/linitiative.ca\/International\/wp-json\/wp\/v2\/posts"}],"about":[{"href":"https:\/\/linitiative.ca\/International\/wp-json\/wp\/v2\/types\/post"}],"author":[{"embeddable":true,"href":"https:\/\/linitiative.ca\/International\/wp-json\/wp\/v2\/users\/1742"}],"replies":[{"embeddable":true,"href":"https:\/\/linitiative.ca\/International\/wp-json\/wp\/v2\/comments?post=143071"}],"version-history":[{"count":0,"href":"https:\/\/linitiative.ca\/International\/wp-json\/wp\/v2\/posts\/143071\/revisions"}],"wp:attachment":[{"href":"https:\/\/linitiative.ca\/International\/wp-json\/wp\/v2\/media?parent=143071"}],"wp:term":[{"taxonomy":"category","embeddable":true,"href":"https:\/\/linitiative.ca\/International\/wp-json\/wp\/v2\/categories?post=143071"},{"taxonomy":"post_tag","embeddable":true,"href":"https:\/\/linitiative.ca\/International\/wp-json\/wp\/v2\/tags?post=143071"}],"curies":[{"name":"wp","href":"https:\/\/api.w.org\/{rel}","templated":true}]}}