{"id":143076,"date":"2022-03-14T11:12:33","date_gmt":"2022-03-14T15:12:33","guid":{"rendered":"https:\/\/linitiative.ca\/International\/retraite-la-cour-des-comptes-pointe-les-limites-des-regimes\/"},"modified":"2022-03-14T11:12:33","modified_gmt":"2022-03-14T15:12:33","slug":"retraite-la-cour-des-comptes-pointe-les-limites-des-regimes","status":"publish","type":"post","link":"https:\/\/linitiative.ca\/International\/retraite-la-cour-des-comptes-pointe-les-limites-des-regimes\/","title":{"rendered":"Retraite: la Cour des comptes pointe les limites des r\u00e9gimes"},"content":{"rendered":"<div>\n<div class=\"field field-name-body field-type-text-with-summary field-label-hidden\">\n<div class=\"field-items\">\n<div class=\"field-item even\" property=\"content:encoded\">\n<p class=\"rtejustify\">La Cour des comptes a rendu publics ses rapports des ann\u00e9es 2019 et 2020. La juridiction a notamment r\u00e9alis\u00e9, en 2020 des missions de contr\u00f4le, concernant ce secteur des retraites, mettant principalement l\u2019accent sur la r\u00e9forme syst\u00e9mique des r\u00e9gimes de retraite en vigueur et l\u2019\u00e9largissement de la couverture aux travailleurs non-salari\u00e9s. Elle a ainsi point\u00e9 plusieurs limites dans les diff\u00e9rents r\u00e9gimes de retraite et alert\u00e9 sur leur viabilit\u00e9 \u00e0 long terme.<\/p>\n<\/div>\n<\/div>\n<\/div>\n<\/div>\n<p>Auteur: hgueye<br \/>\n<a href=\"https:\/\/www.leconomiste.com\/flash-infos\/retraite-la-cour-des-comptes-pointe-les-limites-des-regimes\">Cliquez ici pour lire l&rsquo;article depuis sa source.<\/a><\/p>\n","protected":false},"excerpt":{"rendered":"<p>La Cour des comptes a rendu publics ses rapports des ann\u00e9es 2019 et 2020. La juridiction a notamment r\u00e9alis\u00e9, en 2020 des missions de contr\u00f4le, concernant ce secteur des retraites, mettant principalement l\u2019accent sur la r\u00e9forme syst\u00e9mique des r\u00e9gimes de retraite en vigueur et l\u2019\u00e9largissement de la couverture aux travailleurs non-salari\u00e9s. Elle a ainsi point\u00e9 [&hellip;]<\/p>\n","protected":false},"author":1763,"featured_media":0,"comment_status":"closed","ping_status":"closed","sticky":false,"template":"","format":"standard","meta":{"fifu_image_url":"","fifu_image_alt":"","footnotes":""},"categories":[78,54],"tags":[],"class_list":["post-143076","post","type-post","status-publish","format-standard","hentry","category-economie","category-maroc"],"_links":{"self":[{"href":"https:\/\/linitiative.ca\/International\/wp-json\/wp\/v2\/posts\/143076","targetHints":{"allow":["GET"]}}],"collection":[{"href":"https:\/\/linitiative.ca\/International\/wp-json\/wp\/v2\/posts"}],"about":[{"href":"https:\/\/linitiative.ca\/International\/wp-json\/wp\/v2\/types\/post"}],"author":[{"embeddable":true,"href":"https:\/\/linitiative.ca\/International\/wp-json\/wp\/v2\/users\/1763"}],"replies":[{"embeddable":true,"href":"https:\/\/linitiative.ca\/International\/wp-json\/wp\/v2\/comments?post=143076"}],"version-history":[{"count":0,"href":"https:\/\/linitiative.ca\/International\/wp-json\/wp\/v2\/posts\/143076\/revisions"}],"wp:attachment":[{"href":"https:\/\/linitiative.ca\/International\/wp-json\/wp\/v2\/media?parent=143076"}],"wp:term":[{"taxonomy":"category","embeddable":true,"href":"https:\/\/linitiative.ca\/International\/wp-json\/wp\/v2\/categories?post=143076"},{"taxonomy":"post_tag","embeddable":true,"href":"https:\/\/linitiative.ca\/International\/wp-json\/wp\/v2\/tags?post=143076"}],"curies":[{"name":"wp","href":"https:\/\/api.w.org\/{rel}","templated":true}]}}