{"id":143078,"date":"2022-03-14T12:03:32","date_gmt":"2022-03-14T16:03:32","guid":{"rendered":"https:\/\/linitiative.ca\/International\/secteur-de-leau-ce-que-recommande-la-cour-des-comptes\/"},"modified":"2022-03-14T12:03:32","modified_gmt":"2022-03-14T16:03:32","slug":"secteur-de-leau-ce-que-recommande-la-cour-des-comptes","status":"publish","type":"post","link":"https:\/\/linitiative.ca\/International\/secteur-de-leau-ce-que-recommande-la-cour-des-comptes\/","title":{"rendered":"Secteur de l&rsquo;eau: Ce que recommande la Cour des comptes"},"content":{"rendered":"<div>\n<div class=\"field field-name-body field-type-text-with-summary field-label-hidden\">\n<div class=\"field-items\">\n<div class=\"field-item even\" property=\"content:encoded\">\n<p class=\"rtejustify\">La Cour des comptes s\u2019est aussi pench\u00e9e sur le secteur de l\u2019eau dans ses rapports annuels des ann\u00e9es 2019 et 2020. La juridiction a ainsi recommand\u00e9 plus plusieurs pistes pour faire face au stress hydrique que vit le Maroc. Concernant ce secteur, elle recommand\u00e9 de r\u00e9aliser les projets \u00ab\u00a0matures\u00a0\u00bb de connexions inter-bassins et de lutter contre l\u2019envasement qui r\u00e9duit de 75 millions de m3 par an la capacit\u00e9 globale de stockage des barrages. La Cour estime que le Maroc devra mieux repenser la mobilisation des ressources hydriques.<\/p>\n<\/div>\n<\/div>\n<\/div>\n<\/div>\n<p>Auteur: hgueye<br \/>\n<a href=\"https:\/\/www.leconomiste.com\/flash-infos\/secteur-de-l-eau-ce-que-recommande-la-cour-des-comptes\">Cliquez ici pour lire l&rsquo;article depuis sa source.<\/a><\/p>\n","protected":false},"excerpt":{"rendered":"<p>La Cour des comptes s\u2019est aussi pench\u00e9e sur le secteur de l\u2019eau dans ses rapports annuels des ann\u00e9es 2019 et 2020. La juridiction a ainsi recommand\u00e9 plus plusieurs pistes pour faire face au stress hydrique que vit le Maroc. Concernant ce secteur, elle recommand\u00e9 de r\u00e9aliser les projets \u00ab\u00a0matures\u00a0\u00bb de connexions inter-bassins et de lutter [&hellip;]<\/p>\n","protected":false},"author":1763,"featured_media":0,"comment_status":"closed","ping_status":"closed","sticky":false,"template":"","format":"standard","meta":{"fifu_image_url":"","fifu_image_alt":"","footnotes":""},"categories":[78,54],"tags":[],"class_list":["post-143078","post","type-post","status-publish","format-standard","hentry","category-economie","category-maroc"],"_links":{"self":[{"href":"https:\/\/linitiative.ca\/International\/wp-json\/wp\/v2\/posts\/143078","targetHints":{"allow":["GET"]}}],"collection":[{"href":"https:\/\/linitiative.ca\/International\/wp-json\/wp\/v2\/posts"}],"about":[{"href":"https:\/\/linitiative.ca\/International\/wp-json\/wp\/v2\/types\/post"}],"author":[{"embeddable":true,"href":"https:\/\/linitiative.ca\/International\/wp-json\/wp\/v2\/users\/1763"}],"replies":[{"embeddable":true,"href":"https:\/\/linitiative.ca\/International\/wp-json\/wp\/v2\/comments?post=143078"}],"version-history":[{"count":0,"href":"https:\/\/linitiative.ca\/International\/wp-json\/wp\/v2\/posts\/143078\/revisions"}],"wp:attachment":[{"href":"https:\/\/linitiative.ca\/International\/wp-json\/wp\/v2\/media?parent=143078"}],"wp:term":[{"taxonomy":"category","embeddable":true,"href":"https:\/\/linitiative.ca\/International\/wp-json\/wp\/v2\/categories?post=143078"},{"taxonomy":"post_tag","embeddable":true,"href":"https:\/\/linitiative.ca\/International\/wp-json\/wp\/v2\/tags?post=143078"}],"curies":[{"name":"wp","href":"https:\/\/api.w.org\/{rel}","templated":true}]}}