{"id":143079,"date":"2022-03-14T12:47:46","date_gmt":"2022-03-14T16:47:46","guid":{"rendered":"https:\/\/linitiative.ca\/International\/flambee-des-prix-du-carburant-le-gouvernement-tente-de-rassurer-les-transporteurs\/"},"modified":"2022-03-14T12:47:46","modified_gmt":"2022-03-14T16:47:46","slug":"flambee-des-prix-du-carburant-le-gouvernement-tente-de-rassurer-les-transporteurs","status":"publish","type":"post","link":"https:\/\/linitiative.ca\/International\/flambee-des-prix-du-carburant-le-gouvernement-tente-de-rassurer-les-transporteurs\/","title":{"rendered":"Flamb\u00e9e des prix du carburant: le gouvernement tente de rassurer les transporteurs"},"content":{"rendered":"<div>\n<div class=\"field field-name-body field-type-text-with-summary field-label-hidden\">\n<div class=\"field-items\">\n<div class=\"field-item even\" property=\"content:encoded\">\n<p class=\"rtejustify\">Le gouvernement veut rassurer les professionnels du transport qui ont r\u00e9cemment observ\u00e9 une gr\u00e8ve de trois jours face \u00e0 la hausse continue des prix du carburant. A l&rsquo;issue d&rsquo;une premi\u00e8re r\u00e9union entre les professionnels du secteur et le ministre du TransporT et de l&rsquo;Equipement, Mohamed Abdeljalil, le gouvernement a affirm\u00e9 avoir\u00a0choisi d\u2019intervenir pour soutenir les professionnels du transport \u00ab\u00a0en vue de pr\u00e9server le pouvoir d\u2019achat des citoyens dans une conjoncture marqu\u00e9e par la hausse des prix du carburant aux niveaux national et mondial\u00a0\u00bb.<\/p>\n<\/div>\n<\/div>\n<\/div>\n<\/div>\n<p>Auteur: hgueye<br \/>\n<a href=\"https:\/\/www.leconomiste.com\/flash-infos\/flambee-des-prix-du-carburant-le-gouvernement-tente-de-rassurer-les-transporteurs\">Cliquez ici pour lire l&rsquo;article depuis sa source.<\/a><\/p>\n","protected":false},"excerpt":{"rendered":"<p>Le gouvernement veut rassurer les professionnels du transport qui ont r\u00e9cemment observ\u00e9 une gr\u00e8ve de trois jours face \u00e0 la hausse continue des prix du carburant. A l&rsquo;issue d&rsquo;une premi\u00e8re r\u00e9union entre les professionnels du secteur et le ministre du TransporT et de l&rsquo;Equipement, Mohamed Abdeljalil, le gouvernement a affirm\u00e9 avoir\u00a0choisi d\u2019intervenir pour soutenir les [&hellip;]<\/p>\n","protected":false},"author":1763,"featured_media":0,"comment_status":"closed","ping_status":"closed","sticky":false,"template":"","format":"standard","meta":{"fifu_image_url":"","fifu_image_alt":"","footnotes":""},"categories":[78,54],"tags":[],"class_list":["post-143079","post","type-post","status-publish","format-standard","hentry","category-economie","category-maroc"],"_links":{"self":[{"href":"https:\/\/linitiative.ca\/International\/wp-json\/wp\/v2\/posts\/143079","targetHints":{"allow":["GET"]}}],"collection":[{"href":"https:\/\/linitiative.ca\/International\/wp-json\/wp\/v2\/posts"}],"about":[{"href":"https:\/\/linitiative.ca\/International\/wp-json\/wp\/v2\/types\/post"}],"author":[{"embeddable":true,"href":"https:\/\/linitiative.ca\/International\/wp-json\/wp\/v2\/users\/1763"}],"replies":[{"embeddable":true,"href":"https:\/\/linitiative.ca\/International\/wp-json\/wp\/v2\/comments?post=143079"}],"version-history":[{"count":0,"href":"https:\/\/linitiative.ca\/International\/wp-json\/wp\/v2\/posts\/143079\/revisions"}],"wp:attachment":[{"href":"https:\/\/linitiative.ca\/International\/wp-json\/wp\/v2\/media?parent=143079"}],"wp:term":[{"taxonomy":"category","embeddable":true,"href":"https:\/\/linitiative.ca\/International\/wp-json\/wp\/v2\/categories?post=143079"},{"taxonomy":"post_tag","embeddable":true,"href":"https:\/\/linitiative.ca\/International\/wp-json\/wp\/v2\/tags?post=143079"}],"curies":[{"name":"wp","href":"https:\/\/api.w.org\/{rel}","templated":true}]}}