{"id":143086,"date":"2022-03-14T07:43:00","date_gmt":"2022-03-14T11:43:00","guid":{"rendered":"https:\/\/linitiative.ca\/International\/mohamed-el-beji-hamda-le-gouverneur-de-la-banque-centrale-qui-a-laisse-une-forte-empreinte\/"},"modified":"2022-03-14T07:43:00","modified_gmt":"2022-03-14T11:43:00","slug":"mohamed-el-beji-hamda-le-gouverneur-de-la-banque-centrale-qui-a-laisse-une-forte-empreinte","status":"publish","type":"post","link":"https:\/\/linitiative.ca\/International\/mohamed-el-beji-hamda-le-gouverneur-de-la-banque-centrale-qui-a-laisse-une-forte-empreinte\/","title":{"rendered":"Mohamed El B\u00e9ji Hamda: Le gouverneur de la Banque centrale qui a laiss\u00e9 une forte empreinte"},"content":{"rendered":"<div><img decoding=\"async\" src=\"https:\/\/linitiative.ca\/International\/wp-content\/uploads\/sites\/23\/2022\/03\/1647256534_article.jpg\" alt=\"Mohamed El B\u00e9ji Hamda: Le gouverneur de la Banque centrale qui a laiss\u00e9 une forte empreinte\" align=\"left\">Par Mohamed F\u00e9rid Ben Tanfous &#8211; Il avait d\u00e9tenu, apr\u00e8s le fondateur H\u00e9di Nouira, le record de long\u00e9vit\u00e9 \u00e0 la t\u00eate de la Banque centrale de Tunisie. Onze ans durant, de 1990 \u00e0 2001, Mohamed El B\u00e9ji Hamda, d\u00e9c\u00e9d\u00e9 d\u00e9but janvier dernier \u00e0 l\u2019\u00e2ge de 88 ans, y a laiss\u00e9 son empreinte. N\u00e9 le 26 mai 1934 \u00e0 Ras Jebel (dont il sera le maire), cet \u00e9conomiste de formation a fait, d\u00e8s son retour de Paris, toute sa carri\u00e8re dans la banque. C\u2019est ainsi que gravissant les \u00e9chelons un \u00e0 un, il sera notamment PDG de la BNA, puis de la STB, avant de diriger l\u2019UTB \u00e0 Paris (1984-1988). Mohamed El Hamda B\u00e9ji sera nomm\u00e9 en 1988 vice-gouverneur de la Banque centrale de Tunisie, alors &#8230;<\/p>\n<\/div>\n<p>Auteur:<br \/>\n<a href=\"https:\/\/www.leaders.com.tn\/article\/33094-mohamed-el-beji-hamda-le-gouverneur-de-la-banque-centrale-qui-a-laisse-une-forte-empreinte\">Cliquez ici pour lire l&rsquo;article depuis sa source.<\/a><\/p>\n","protected":false},"excerpt":{"rendered":"<p>Par Mohamed F\u00e9rid Ben Tanfous &#8211; Il avait d\u00e9tenu, apr\u00e8s le fondateur H\u00e9di Nouira, le record de long\u00e9vit\u00e9 \u00e0 la t\u00eate de la Banque centrale de Tunisie. Onze ans durant, de 1990 \u00e0 2001, Mohamed El B\u00e9ji Hamda, d\u00e9c\u00e9d\u00e9 d\u00e9but janvier dernier \u00e0 l\u2019\u00e2ge de 88 ans, y a laiss\u00e9 son empreinte. N\u00e9 le 26 [&hellip;]<\/p>\n","protected":false},"author":1772,"featured_media":0,"comment_status":"closed","ping_status":"closed","sticky":false,"template":"","format":"standard","meta":{"fifu_image_url":"http:\/\/www.leaders.com.tn\/uploads\/content\/thumbnails_small\/1647256534_article.jpg","fifu_image_alt":"Mohamed El B\u00e9ji Hamda: Le gouverneur de la Banque centrale qui a laiss\u00e9 une forte empreinte","footnotes":""},"categories":[73,55],"tags":[],"class_list":["post-143086","post","type-post","status-publish","format-standard","hentry","category-actualite","category-tunisie"],"_links":{"self":[{"href":"https:\/\/linitiative.ca\/International\/wp-json\/wp\/v2\/posts\/143086","targetHints":{"allow":["GET"]}}],"collection":[{"href":"https:\/\/linitiative.ca\/International\/wp-json\/wp\/v2\/posts"}],"about":[{"href":"https:\/\/linitiative.ca\/International\/wp-json\/wp\/v2\/types\/post"}],"author":[{"embeddable":true,"href":"https:\/\/linitiative.ca\/International\/wp-json\/wp\/v2\/users\/1772"}],"replies":[{"embeddable":true,"href":"https:\/\/linitiative.ca\/International\/wp-json\/wp\/v2\/comments?post=143086"}],"version-history":[{"count":0,"href":"https:\/\/linitiative.ca\/International\/wp-json\/wp\/v2\/posts\/143086\/revisions"}],"wp:attachment":[{"href":"https:\/\/linitiative.ca\/International\/wp-json\/wp\/v2\/media?parent=143086"}],"wp:term":[{"taxonomy":"category","embeddable":true,"href":"https:\/\/linitiative.ca\/International\/wp-json\/wp\/v2\/categories?post=143086"},{"taxonomy":"post_tag","embeddable":true,"href":"https:\/\/linitiative.ca\/International\/wp-json\/wp\/v2\/tags?post=143086"}],"curies":[{"name":"wp","href":"https:\/\/api.w.org\/{rel}","templated":true}]}}