{"id":143088,"date":"2022-03-14T10:56:00","date_gmt":"2022-03-14T14:56:00","guid":{"rendered":"https:\/\/linitiative.ca\/International\/ukraine-ou-les-raisons-dune-guerre-en-europe-en-2022\/"},"modified":"2022-03-14T10:56:00","modified_gmt":"2022-03-14T14:56:00","slug":"ukraine-ou-les-raisons-dune-guerre-en-europe-en-2022","status":"publish","type":"post","link":"https:\/\/linitiative.ca\/International\/ukraine-ou-les-raisons-dune-guerre-en-europe-en-2022\/","title":{"rendered":"Ukraine ou les raisons d\u2019une guerre en Europe en 2022"},"content":{"rendered":"<div><img decoding=\"async\" src=\"https:\/\/linitiative.ca\/International\/wp-content\/uploads\/sites\/23\/2022\/03\/1647271736_article.jpg\" alt=\"Ukraine ou les raisons d\u2019une guerre en Europe en 2022\" align=\"left\">Par Monji\u00a0 Ben Raies\u00a0 &#8211; Plus rien ne sera comme avant en Europe. L\u2019invasion de l\u2019Ukraine, un \u00e9v\u00e8nement g\u00e9opolitique majeur ; un point de rupture que nous devons remettre dans un cadre g\u00e9ographique et historique, tout en pr\u00e9sageant de ce que sera l\u2019avenir. Depuis 2021, la Russie massait ses troupes le long de la fronti\u00e8re qu\u2019elle partage avec l\u2019Ukraine, dans le Donbass. Ce fut la plus grande escalade de violence dans la r\u00e9gion depuis 2018. Apr\u00e8s plusieurs semaines d\u2019intimidation et de d\u00e9monstration de force, la tension a sembl\u00e9 retomber. Le 22 avril 2021, la Russie annon\u00e7ait qu\u2019elle retirait une partie de ses troupes plac\u00e9es le long de la fronti\u00e8re ukrainienne et &#8230;<\/p>\n<\/div>\n<p>Auteur:<br \/>\n<a href=\"https:\/\/www.leaders.com.tn\/article\/33095-ukraine-ou-les-raisons-d-une-guerre-en-europe-en-2022\">Cliquez ici pour lire l&rsquo;article depuis sa source.<\/a><\/p>\n","protected":false},"excerpt":{"rendered":"<p>Par Monji\u00a0 Ben Raies\u00a0 &#8211; Plus rien ne sera comme avant en Europe. L\u2019invasion de l\u2019Ukraine, un \u00e9v\u00e8nement g\u00e9opolitique majeur ; un point de rupture que nous devons remettre dans un cadre g\u00e9ographique et historique, tout en pr\u00e9sageant de ce que sera l\u2019avenir. Depuis 2021, la Russie massait ses troupes le long de la fronti\u00e8re [&hellip;]<\/p>\n","protected":false},"author":1772,"featured_media":0,"comment_status":"closed","ping_status":"closed","sticky":false,"template":"","format":"standard","meta":{"fifu_image_url":"http:\/\/www.leaders.com.tn\/uploads\/content\/thumbnails_small\/1647271736_article.jpg","fifu_image_alt":"Ukraine ou les raisons d\u2019une guerre en Europe en 2022","footnotes":""},"categories":[73,55],"tags":[],"class_list":["post-143088","post","type-post","status-publish","format-standard","hentry","category-actualite","category-tunisie"],"_links":{"self":[{"href":"https:\/\/linitiative.ca\/International\/wp-json\/wp\/v2\/posts\/143088","targetHints":{"allow":["GET"]}}],"collection":[{"href":"https:\/\/linitiative.ca\/International\/wp-json\/wp\/v2\/posts"}],"about":[{"href":"https:\/\/linitiative.ca\/International\/wp-json\/wp\/v2\/types\/post"}],"author":[{"embeddable":true,"href":"https:\/\/linitiative.ca\/International\/wp-json\/wp\/v2\/users\/1772"}],"replies":[{"embeddable":true,"href":"https:\/\/linitiative.ca\/International\/wp-json\/wp\/v2\/comments?post=143088"}],"version-history":[{"count":0,"href":"https:\/\/linitiative.ca\/International\/wp-json\/wp\/v2\/posts\/143088\/revisions"}],"wp:attachment":[{"href":"https:\/\/linitiative.ca\/International\/wp-json\/wp\/v2\/media?parent=143088"}],"wp:term":[{"taxonomy":"category","embeddable":true,"href":"https:\/\/linitiative.ca\/International\/wp-json\/wp\/v2\/categories?post=143088"},{"taxonomy":"post_tag","embeddable":true,"href":"https:\/\/linitiative.ca\/International\/wp-json\/wp\/v2\/tags?post=143088"}],"curies":[{"name":"wp","href":"https:\/\/api.w.org\/{rel}","templated":true}]}}