{"id":14309,"date":"2019-02-14T13:50:03","date_gmt":"2019-02-14T18:50:03","guid":{"rendered":"https:\/\/linitiative.ca\/International\/cachemire-indien-33-paramilitaires-indiens-tues-dans-lattentat-le-plus-meurtrier-depuis-2002\/"},"modified":"2019-02-14T13:50:03","modified_gmt":"2019-02-14T18:50:03","slug":"cachemire-indien-33-paramilitaires-indiens-tues-dans-lattentat-le-plus-meurtrier-depuis-2002","status":"publish","type":"post","link":"https:\/\/linitiative.ca\/International\/cachemire-indien-33-paramilitaires-indiens-tues-dans-lattentat-le-plus-meurtrier-depuis-2002\/","title":{"rendered":"Cachemire indien : 33 paramilitaires indiens tu\u00e9s dans l\u2019attentat le plus meurtrier depuis 2002"},"content":{"rendered":"<div readability=\"32\">\n<p>Publi\u00e9 le 14.02.2019 \u00e0 19h50 par AFP<\/p>\n<\/div>\n<div readability=\"109\">\n<p>Au moins 33 membres des forces indiennes au Cachemire indien ont \u00e9t\u00e9 tu\u00e9s jeudi dans un attentat contre un convoi pr\u00e8s de Srinagar, le plus meurtrier depuis 2002, a annonc\u00e9 la police.<\/p>\n<p>Cet attentat-suicide, revendiqu\u00e9 par un groupe islamiste, visait un convoi de 78 v\u00e9hicules transportant quelque 2.500 membres de la Central Reserve Police Force (CRPF), une force paramilitaire.<\/p>\n<p>Une camionnette bourr\u00e9e d\u2019explosifs a explos\u00e9 pr\u00e8s du convoi de bus. \u00ab\u00a0L\u2019explosion a \u00e9t\u00e9 puissante\u00a0\u00bb, a expliqu\u00e9 \u00e0 l\u2019AFP le porte-parole de la CRPF Sanjay Kumar.<\/p>\n<p>Un autre responsable de la CRPF s\u2019exprimant sous couvert de l\u2019anonymat a indiqu\u00e9 que l\u2019attaque avait fait \u00e9galement au moins 29 bless\u00e9s.<\/p>\n<p>L\u2019agence Press Trust of India (PTI) a affirm\u00e9 de son c\u00f4t\u00e9 que l\u2019attentat avait fait plus de 39 morts parmi les membres de la CRPF, qui revenaient d\u2019une permission<\/p>\n<p>Le Premier ministre indien Narendra Modi a d\u00e9nonc\u00e9 une \u00ab\u00a0attaque odieuse\u00a0\u00bb. \u00ab\u00a0Le sacrifice de nos braves membres des forces de s\u00e9curit\u00e9 ne sera pas vain\u00a0\u00bb, a-t-il ajout\u00e9 sur Twitter.<\/p>\n<p>Le ministre fran\u00e7ais des Affaires \u00e9trang\u00e8res Jean-Yves Le Drian a condamn\u00e9 \u00ab\u00a0l\u2019attaque ignoble qui vient de frapper l\u2019Inde\u00a0\u00bb.<\/p>\n<p>\u00ab\u00a0La France, a-t-il ajout\u00e9, a toujours \u00e9t\u00e9 et sera toujours aux c\u00f4t\u00e9s de l\u2019Inde dans la lutte contre le terrorisme sous toutes ses formes. J\u2019appelle chaque \u00c9tat \u00e0 lutter effectivement contre les r\u00e9seaux terroristes et leurs canaux de financement et \u00e0 emp\u00eacher les mouvements transfrontaliers de groupes terroristes, comme le Jaish-e-Mohamed qui a revendiqu\u00e9 cette attaque\u00a0\u00bb.<\/p>\n<p>\u2013 \u00ab\u00a0Acte ignoble\u00a0\u00bb \u2013<\/p>\n<p><ins data-revive-zoneid=\"9\" data-revive-id=\"10111e19d28d19d031742ee3b0b33eb0\"\/> <\/p>\n<p>L\u2019ambassadeur am\u00e9ricain en Inde, Kenneth Juster, a lui aussi \u00ab\u00a0condamn\u00e9 fermement cette attaque terroriste\u00a0\u00bb, sur Twitter.<\/p>\n<p>L\u2019attaque, qui s\u2019est produite sur une autoroute \u00e0 une vingtaine de kilom\u00e8tres de Srinagar, est la plus meurtri\u00e8re au Cachemire indien depuis 2002.<\/p>\n<p>Un communiqu\u00e9 du groupe islamiste Jaish-e-Mohammed, bas\u00e9 au Pakistan, a revendiqu\u00e9 l\u2019attentat.<\/p>\n<p>Le minist\u00e8re indien des affaires \u00e9trang\u00e8res a imm\u00e9diatement mis en cause le Pakistan dans un communiqu\u00e9 : \u00ab\u00a0Cet acte ignoble et haineux a \u00e9t\u00e9 commis par Jaish-e-Mohammed, une organisation terroriste bas\u00e9e au Pakistan et soutenue par lui\u00a0\u00bb.<\/p>\n<p>\u00ab\u00a0L\u2019Inde a la ferme intention de prendre toutes les mesures n\u00e9cessaires pour pr\u00e9server sa s\u00e9curit\u00e9 nationale\u00a0\u00bb, a-t-il averti. \u00ab\u00a0Nous exigeons du Pakistan qu\u2019il cesse de soutenir les terroristes et les groupes terroristes qui op\u00e8rent depuis son territoire\u00a0\u00bb.<\/p>\n<p>Apr\u00e8s l\u2019attentat, des centaines de membres des forces gouvernementales ont encercl\u00e9 15 villages voisins et commenc\u00e9 \u00e0 fouiller maison par maison, selon un responsable de la police et des t\u00e9moins.<\/p>\n<p>Le Cachemire est revendiqu\u00e9 aussi bien par l\u2019Inde que le Pakistan depuis la fin de la colonisation britannique en 1947. Les forces indiennes dans la partie sous contr\u00f4le de New Delhi sont estim\u00e9es au total \u00e0 quelque 500.000 hommes.<\/p>\n<p>Une insurrection s\u00e9paratiste meurtri\u00e8re d\u00e9stabilise le Cachemire indien depuis 1989. L\u2019Inde accuse le Pakistan de soutenir en sous-main les infiltrations et la r\u00e9bellion arm\u00e9e, ce qu\u2019Islamabad a toujours d\u00e9menti.<\/p>\n<\/div>\n<p>Auteur: AFP<br \/>\n<a href=\"https:\/\/www.journalducameroun.com\/cachemire-indien-33-paramilitaires-indiens-tues-dans-lattentat-le-plus-meurtrier-depuis-2002\/\">Cliquez ici pour lire l&rsquo;article depuis sa source.<\/a><\/p>\n","protected":false},"excerpt":{"rendered":"<p>Publi\u00e9 le 14.02.2019 \u00e0 19h50 par AFP Au moins 33 membres des forces indiennes au Cachemire indien ont \u00e9t\u00e9 tu\u00e9s jeudi dans un attentat contre un convoi pr\u00e8s de Srinagar, le plus meurtrier depuis 2002, a annonc\u00e9 la police. Cet attentat-suicide, revendiqu\u00e9 par un groupe islamiste, visait un convoi de 78 v\u00e9hicules transportant quelque 2.500 [&hellip;]<\/p>\n","protected":false},"author":1965,"featured_media":0,"comment_status":"closed","ping_status":"closed","sticky":false,"template":"","format":"standard","meta":{"fifu_image_url":"","fifu_image_alt":"","footnotes":""},"categories":[73,82],"tags":[],"class_list":["post-14309","post","type-post","status-publish","format-standard","hentry","category-actualite","category-cameroun"],"_links":{"self":[{"href":"https:\/\/linitiative.ca\/International\/wp-json\/wp\/v2\/posts\/14309","targetHints":{"allow":["GET"]}}],"collection":[{"href":"https:\/\/linitiative.ca\/International\/wp-json\/wp\/v2\/posts"}],"about":[{"href":"https:\/\/linitiative.ca\/International\/wp-json\/wp\/v2\/types\/post"}],"author":[{"embeddable":true,"href":"https:\/\/linitiative.ca\/International\/wp-json\/wp\/v2\/users\/1965"}],"replies":[{"embeddable":true,"href":"https:\/\/linitiative.ca\/International\/wp-json\/wp\/v2\/comments?post=14309"}],"version-history":[{"count":0,"href":"https:\/\/linitiative.ca\/International\/wp-json\/wp\/v2\/posts\/14309\/revisions"}],"wp:attachment":[{"href":"https:\/\/linitiative.ca\/International\/wp-json\/wp\/v2\/media?parent=14309"}],"wp:term":[{"taxonomy":"category","embeddable":true,"href":"https:\/\/linitiative.ca\/International\/wp-json\/wp\/v2\/categories?post=14309"},{"taxonomy":"post_tag","embeddable":true,"href":"https:\/\/linitiative.ca\/International\/wp-json\/wp\/v2\/tags?post=14309"}],"curies":[{"name":"wp","href":"https:\/\/api.w.org\/{rel}","templated":true}]}}