{"id":143092,"date":"2022-03-14T12:07:42","date_gmt":"2022-03-14T16:07:42","guid":{"rendered":"https:\/\/linitiative.ca\/International\/lassemblee-annuelle-de-la-berd-du-10-au-12-mai-a-marrakech\/"},"modified":"2022-03-14T12:07:42","modified_gmt":"2022-03-14T16:07:42","slug":"lassemblee-annuelle-de-la-berd-du-10-au-12-mai-a-marrakech","status":"publish","type":"post","link":"https:\/\/linitiative.ca\/International\/lassemblee-annuelle-de-la-berd-du-10-au-12-mai-a-marrakech\/","title":{"rendered":"L\u2019assembl\u00e9e annuelle de la BERD du 10 au 12 mai \u00e0 Marrakech"},"content":{"rendered":"<div><img decoding=\"async\" width=\"760\" height=\"512\" src=\"https:\/\/linitiative.ca\/International\/wp-content\/uploads\/sites\/23\/2022\/03\/la-ministre-de-lEconomie-et-des-Finances-Nadia-Fettah-Alaoui-et-le-Secretaire-General-de-la-BERD-Kazuhiko-Koguchi.jpg\" class=\"attachment-post-thumbnail size-post-thumbnail wp-post-image\" alt=\"\" loading=\"lazy\" srcset=\"https:\/\/linitiative.ca\/International\/wp-content\/uploads\/sites\/23\/2022\/03\/la-ministre-de-lEconomie-et-des-Finances-Nadia-Fettah-Alaoui-et-le-Secretaire-General-de-la-BERD-Kazuhiko-Koguchi.jpg 760w, https:\/\/www.challenge.ma\/wp-content\/uploads\/2022\/03\/la-ministre-de-lEconomie-et-des-Finances-Nadia-Fettah-Alaoui-et-le-Secretaire-General-de-la-BERD-Kazuhiko-Koguchi-300x202.jpg 300w, https:\/\/www.challenge.ma\/wp-content\/uploads\/2022\/03\/la-ministre-de-lEconomie-et-des-Finances-Nadia-Fettah-Alaoui-et-le-Secretaire-General-de-la-BERD-Kazuhiko-Koguchi-360x243.jpg 360w, https:\/\/www.challenge.ma\/wp-content\/uploads\/2022\/03\/la-ministre-de-lEconomie-et-des-Finances-Nadia-Fettah-Alaoui-et-le-Secretaire-General-de-la-BERD-Kazuhiko-Koguchi-750x505.jpg 750w\" sizes=\"auto, (max-width: 760px) 100vw, 760px\" itemprop=\"image\">Lors d\u2019une rencontre tenue, lundi \u00e0 Rabat, la ministre de l\u2019\u00e9conomie et des finances, Nadia Fettah Alaoui, et le secr\u00e9taire g\u00e9n\u00e9ral de la BERD, Kazuhiko Koguchi, ont proc\u00e9d\u00e9 \u00e0 la signature du m\u00e9morandum d\u2019entente (MoU) relatif \u00e0 l\u2019organisation de l\u2019\u00e9dition 2022 de l\u2019assembl\u00e9e annuelle de la Banque \u00e0 Marrakech du<\/div>\n<p>Auteur: Mehdi Ouazzani<br \/>\n<a href=\"https:\/\/www.challenge.ma\/lassemblee-annuelle-de-la-berd-du-10-au-12-mai-a-marrakech%EF%BF%BC-234477\/\">Cliquez ici pour lire l&rsquo;article depuis sa source.<\/a><\/p>\n","protected":false},"excerpt":{"rendered":"<p>Lors d\u2019une rencontre tenue, lundi \u00e0 Rabat, la ministre de l\u2019\u00e9conomie et des finances, Nadia Fettah Alaoui, et le secr\u00e9taire g\u00e9n\u00e9ral de la BERD, Kazuhiko Koguchi, ont proc\u00e9d\u00e9 \u00e0 la signature du m\u00e9morandum d\u2019entente (MoU) relatif \u00e0 l\u2019organisation de l\u2019\u00e9dition 2022 de l\u2019assembl\u00e9e annuelle de la Banque \u00e0 Marrakech du Auteur: Mehdi Ouazzani Cliquez ici [&hellip;]<\/p>\n","protected":false},"author":1787,"featured_media":0,"comment_status":"closed","ping_status":"closed","sticky":false,"template":"","format":"standard","meta":{"fifu_image_url":"https:\/\/www.challenge.ma\/wp-content\/uploads\/2022\/03\/la-ministre-de-lEconomie-et-des-Finances-Nadia-Fettah-Alaoui-et-le-Secretaire-General-de-la-BERD-Kazuhiko-Koguchi.jpg","fifu_image_alt":"L\u2019assembl\u00e9e annuelle de la BERD du 10 au 12 mai \u00e0 Marrakech","footnotes":""},"categories":[78,54],"tags":[],"class_list":["post-143092","post","type-post","status-publish","format-standard","hentry","category-economie","category-maroc"],"_links":{"self":[{"href":"https:\/\/linitiative.ca\/International\/wp-json\/wp\/v2\/posts\/143092","targetHints":{"allow":["GET"]}}],"collection":[{"href":"https:\/\/linitiative.ca\/International\/wp-json\/wp\/v2\/posts"}],"about":[{"href":"https:\/\/linitiative.ca\/International\/wp-json\/wp\/v2\/types\/post"}],"author":[{"embeddable":true,"href":"https:\/\/linitiative.ca\/International\/wp-json\/wp\/v2\/users\/1787"}],"replies":[{"embeddable":true,"href":"https:\/\/linitiative.ca\/International\/wp-json\/wp\/v2\/comments?post=143092"}],"version-history":[{"count":0,"href":"https:\/\/linitiative.ca\/International\/wp-json\/wp\/v2\/posts\/143092\/revisions"}],"wp:attachment":[{"href":"https:\/\/linitiative.ca\/International\/wp-json\/wp\/v2\/media?parent=143092"}],"wp:term":[{"taxonomy":"category","embeddable":true,"href":"https:\/\/linitiative.ca\/International\/wp-json\/wp\/v2\/categories?post=143092"},{"taxonomy":"post_tag","embeddable":true,"href":"https:\/\/linitiative.ca\/International\/wp-json\/wp\/v2\/tags?post=143092"}],"curies":[{"name":"wp","href":"https:\/\/api.w.org\/{rel}","templated":true}]}}