{"id":143094,"date":"2022-03-14T15:30:42","date_gmt":"2022-03-14T19:30:42","guid":{"rendered":"https:\/\/linitiative.ca\/International\/electricite-eau-potable-et-assainissement-la-cooperation-sino-marocaine-au-coeur-des-debats\/"},"modified":"2022-03-14T15:30:42","modified_gmt":"2022-03-14T19:30:42","slug":"electricite-eau-potable-et-assainissement-la-cooperation-sino-marocaine-au-coeur-des-debats","status":"publish","type":"post","link":"https:\/\/linitiative.ca\/International\/electricite-eau-potable-et-assainissement-la-cooperation-sino-marocaine-au-coeur-des-debats\/","title":{"rendered":"\u00c9lectricit\u00e9, eau potable et assainissement. La coop\u00e9ration sino-marocaine au c\u0153ur des d\u00e9bats"},"content":{"rendered":"<div><img decoding=\"async\" width=\"576\" height=\"318\" src=\"https:\/\/linitiative.ca\/International\/wp-content\/uploads\/sites\/23\/2022\/03\/Chine-au-Maroc-576-x-318.jpg\" class=\"attachment-post-thumbnail size-post-thumbnail wp-post-image\" alt=\"\" loading=\"lazy\" srcset=\"https:\/\/linitiative.ca\/International\/wp-content\/uploads\/sites\/23\/2022\/03\/Chine-au-Maroc-576-x-318.jpg 576w, https:\/\/www.challenge.ma\/wp-content\/uploads\/2022\/03\/Chine-au-Maroc-576-x-318-300x166.jpg 300w, https:\/\/www.challenge.ma\/wp-content\/uploads\/2022\/03\/Chine-au-Maroc-576-x-318-360x199.jpg 360w\" sizes=\"auto, (max-width: 576px) 100vw, 576px\" itemprop=\"image\">La coop\u00e9ration dans les secteurs de l\u2019\u00e9lectricit\u00e9 et de l\u2019eau au Maroc a \u00e9t\u00e9 au centre d\u2019une r\u00e9cente rencontre entre Abderrahim El Hafidi, Directeur g\u00e9n\u00e9ral de l\u2019Office national de l\u2019\u00e9lectricit\u00e9 et de l\u2019eau potable (ONEE) et Li Changlin, l\u2019Ambassadeur de la R\u00e9publique Populaire de Chine au Maroc. Lors de cette<\/div>\n<p>Auteur: David J\u00e9r\u00e9mie<br \/>\n<a href=\"https:\/\/www.challenge.ma\/electricite-eau-potable-et-assainissement-la-cooperation-sino-marocaine-au-coeur-des-debats-234491\/\">Cliquez ici pour lire l&rsquo;article depuis sa source.<\/a><\/p>\n","protected":false},"excerpt":{"rendered":"<p>La coop\u00e9ration dans les secteurs de l\u2019\u00e9lectricit\u00e9 et de l\u2019eau au Maroc a \u00e9t\u00e9 au centre d\u2019une r\u00e9cente rencontre entre Abderrahim El Hafidi, Directeur g\u00e9n\u00e9ral de l\u2019Office national de l\u2019\u00e9lectricit\u00e9 et de l\u2019eau potable (ONEE) et Li Changlin, l\u2019Ambassadeur de la R\u00e9publique Populaire de Chine au Maroc. Lors de cette Auteur: David J\u00e9r\u00e9mie Cliquez ici [&hellip;]<\/p>\n","protected":false},"author":1787,"featured_media":0,"comment_status":"closed","ping_status":"closed","sticky":false,"template":"","format":"standard","meta":{"fifu_image_url":"https:\/\/www.challenge.ma\/wp-content\/uploads\/2022\/03\/Chine-au-Maroc-576-x-318.jpg","fifu_image_alt":"\u00c9lectricit\u00e9, eau potable et assainissement. La coop\u00e9ration sino-marocaine au c\u0153ur des d\u00e9bats","footnotes":""},"categories":[78,54],"tags":[],"class_list":["post-143094","post","type-post","status-publish","format-standard","hentry","category-economie","category-maroc"],"_links":{"self":[{"href":"https:\/\/linitiative.ca\/International\/wp-json\/wp\/v2\/posts\/143094","targetHints":{"allow":["GET"]}}],"collection":[{"href":"https:\/\/linitiative.ca\/International\/wp-json\/wp\/v2\/posts"}],"about":[{"href":"https:\/\/linitiative.ca\/International\/wp-json\/wp\/v2\/types\/post"}],"author":[{"embeddable":true,"href":"https:\/\/linitiative.ca\/International\/wp-json\/wp\/v2\/users\/1787"}],"replies":[{"embeddable":true,"href":"https:\/\/linitiative.ca\/International\/wp-json\/wp\/v2\/comments?post=143094"}],"version-history":[{"count":0,"href":"https:\/\/linitiative.ca\/International\/wp-json\/wp\/v2\/posts\/143094\/revisions"}],"wp:attachment":[{"href":"https:\/\/linitiative.ca\/International\/wp-json\/wp\/v2\/media?parent=143094"}],"wp:term":[{"taxonomy":"category","embeddable":true,"href":"https:\/\/linitiative.ca\/International\/wp-json\/wp\/v2\/categories?post=143094"},{"taxonomy":"post_tag","embeddable":true,"href":"https:\/\/linitiative.ca\/International\/wp-json\/wp\/v2\/tags?post=143094"}],"curies":[{"name":"wp","href":"https:\/\/api.w.org\/{rel}","templated":true}]}}