{"id":14310,"date":"2019-02-14T13:50:05","date_gmt":"2019-02-14T18:50:05","guid":{"rendered":"https:\/\/linitiative.ca\/International\/senegal-letat-minimise-les-menaces-de-wade-et-juge-impossible-de-truquer-des-elections\/"},"modified":"2019-02-14T13:50:05","modified_gmt":"2019-02-14T18:50:05","slug":"senegal-letat-minimise-les-menaces-de-wade-et-juge-impossible-de-truquer-des-elections","status":"publish","type":"post","link":"https:\/\/linitiative.ca\/International\/senegal-letat-minimise-les-menaces-de-wade-et-juge-impossible-de-truquer-des-elections\/","title":{"rendered":"S\u00e9n\u00e9gal: l\u2019Etat minimise les menaces de Wade et juge impossible de \u00ab\u00a0truquer des \u00e9lections\u00a0\u00bb"},"content":{"rendered":"<div readability=\"32\">\n<p>Publi\u00e9 le 14.02.2019 \u00e0 19h50 par AFP<\/p>\n<\/div>\n<div readability=\"113\">\n<p>Le gouvernement s\u00e9n\u00e9galais a minimis\u00e9 jeudi l\u2019impact des appels de l\u2019ancien chef de l\u2019Etat Abdoulaye Wade \u00e0 emp\u00eacher la tenue du scrutin pr\u00e9sidentiel et assur\u00e9 qu\u2019il \u00e9tait devenu impossible de \u00ab\u00a0truquer des \u00e9lections\u00a0\u00bb dans le pays.<\/p>\n<p>Le S\u00e9n\u00e9gal, qui a connu deux alternances, en 2000 et en 2012, et aucun coup d\u2019Etat, est pr\u00e9sent\u00e9 comme un mod\u00e8le de d\u00e9mocratie en Afrique, mais les campagnes \u00e9lectorales y sont souvent \u00e9maill\u00e9es d\u2019accusations de corruption, de d\u00e9sinformation et de violences.<\/p>\n<p>\u00ab\u00a0Le S\u00e9n\u00e9gal est une R\u00e9publique qui marche\u00a0\u00bb, a d\u00e9clar\u00e9 le ministre de l\u2019Int\u00e9rieur Aly Ngouille Ndiaye, lors d\u2019une rencontre avec l\u2019Association de la presse \u00e9trang\u00e8re au S\u00e9n\u00e9gal (APES), rappelant que le pays \u00ab\u00a0a l\u2019habitude d\u2019organiser des \u00e9lections\u00a0\u00bb.<\/p>\n<p>L\u2019opposition d\u00e9nonce l\u2019invalidation des candidatures des deux principaux rivaux potentiels du pr\u00e9sident Macky Sall, le fils et ancien ministre d\u2019Abdoulaye Wade (2000-2012), Karim Wade, et le maire d\u00e9chu de Dakar Khalifa Sall, tous deux frapp\u00e9s par des condamnations judiciaires.<\/p>\n<p>\u00ab\u00a0Dans ce pays-l\u00e0, on ne peut pas, on ne peut plus truquer des \u00e9lections\u00a0\u00bb, a assur\u00e9 le ministre, se f\u00e9licitant d\u2019un taux de retrait de plus de 96% des cartes d\u2019identit\u00e9 biom\u00e9triques servant \u00e0 voter.<\/p>\n<p>Rentr\u00e9 au S\u00e9n\u00e9gal la semaine derni\u00e8re, M. Wade, a appel\u00e9 \u00e0 emp\u00eacher l\u2019\u00e9lection du 24 f\u00e9vrier, \u00ab\u00a0verrouill\u00e9e\u00a0\u00bb selon lui pour assurer la reconduction de Macky Sall, conviant notamment ses partisans \u00e0 br\u00fbler le mat\u00e9riel \u00e9lectoral. Il a de nouveau appel\u00e9 mercredi \u00e0 s&rsquo;\u00a0\u00bbattaquer aux bureaux de vote\u00a0\u00bb.<\/p>\n<p><ins data-revive-zoneid=\"9\" data-revive-id=\"10111e19d28d19d031742ee3b0b33eb0\"\/> <\/p>\n<p>Dans un communiqu\u00e9 jeudi le gouvernement \u00ab\u00a0condamne fermement cette attitude permanente de subversion, d\u2019appel \u00e0 la violence et \u00e0 l\u2019insurrection, de provocation et de d\u00e9fiance \u00e0 l\u2019encontre de la loi et des institutions de la R\u00e9publique. \u00ab\u00a0Ceux qui tenteront de perturber la libre expression du suffrage des S\u00e9n\u00e9galais seront punis conform\u00e9ment \u00e0 la loi\u00a0\u00bb, pr\u00e9vient-il.<\/p>\n<p>Le ministre de l\u2019Int\u00e9rieur a soulign\u00e9 que l\u2019ex-pr\u00e9sident \u00e9tait coutumier des menaces de ce type, rest\u00e9es g\u00e9n\u00e9ralement sans \u00e9cho. En 2015, \u00ab\u00a0il disait qu\u2019on n\u2019allait pas juger son fils, que le pays allait \u00eatre \u00e0 feu et \u00e0 sang. Son fils a \u00e9t\u00e9 jug\u00e9, il a \u00e9t\u00e9 condamn\u00e9, il a \u00e9t\u00e9 emprisonn\u00e9, rien ne s\u2019est pass\u00e9\u00a0\u00bb, a-t-il rappel\u00e9.<\/p>\n<p>M. Ndiaye a par ailleurs indiqu\u00e9 que le chef de la police de Tambacounda (est), o\u00f9 deux partisans de la coalition au pouvoir ont \u00e9t\u00e9 tu\u00e9s le 11 f\u00e9vrier dans des violences avec ceux du candidat du Parti de l\u2019Unit\u00e9 et du rassemblement (PUR), Issa Sall, avait \u00e9t\u00e9 relev\u00e9 de ses fonctions.<\/p>\n<p>Le lendemain, le ministre a annonc\u00e9 que la police et la gendarmerie assureraient d\u00e9sormais la protection de l\u2019ensemble des candidats, et non plus du seul chef de l\u2019Etat.<\/p>\n<p>Une d\u00e9cision salu\u00e9e par un autre candidat, Madick\u00e9 Niang. \u00ab\u00a0Ca va permettre que l\u2019on ne puisse pas faire l\u2019objet de provocations\u00a0\u00bb, a-t-il d\u00e9clar\u00e9 \u00e0 l\u2019AFP.<\/p>\n<\/div>\n<p>Auteur: AFP<br \/>\n<a href=\"https:\/\/www.journalducameroun.com\/senegal-letat-minimise-les-menaces-de-wade-et-juge-impossible-de-truquer-des-elections\/\">Cliquez ici pour lire l&rsquo;article depuis sa source.<\/a><\/p>\n","protected":false},"excerpt":{"rendered":"<p>Publi\u00e9 le 14.02.2019 \u00e0 19h50 par AFP Le gouvernement s\u00e9n\u00e9galais a minimis\u00e9 jeudi l\u2019impact des appels de l\u2019ancien chef de l\u2019Etat Abdoulaye Wade \u00e0 emp\u00eacher la tenue du scrutin pr\u00e9sidentiel et assur\u00e9 qu\u2019il \u00e9tait devenu impossible de \u00ab\u00a0truquer des \u00e9lections\u00a0\u00bb dans le pays. Le S\u00e9n\u00e9gal, qui a connu deux alternances, en 2000 et en 2012, [&hellip;]<\/p>\n","protected":false},"author":1965,"featured_media":0,"comment_status":"closed","ping_status":"closed","sticky":false,"template":"","format":"standard","meta":{"fifu_image_url":"","fifu_image_alt":"","footnotes":""},"categories":[73,82],"tags":[],"class_list":["post-14310","post","type-post","status-publish","format-standard","hentry","category-actualite","category-cameroun"],"_links":{"self":[{"href":"https:\/\/linitiative.ca\/International\/wp-json\/wp\/v2\/posts\/14310","targetHints":{"allow":["GET"]}}],"collection":[{"href":"https:\/\/linitiative.ca\/International\/wp-json\/wp\/v2\/posts"}],"about":[{"href":"https:\/\/linitiative.ca\/International\/wp-json\/wp\/v2\/types\/post"}],"author":[{"embeddable":true,"href":"https:\/\/linitiative.ca\/International\/wp-json\/wp\/v2\/users\/1965"}],"replies":[{"embeddable":true,"href":"https:\/\/linitiative.ca\/International\/wp-json\/wp\/v2\/comments?post=14310"}],"version-history":[{"count":0,"href":"https:\/\/linitiative.ca\/International\/wp-json\/wp\/v2\/posts\/14310\/revisions"}],"wp:attachment":[{"href":"https:\/\/linitiative.ca\/International\/wp-json\/wp\/v2\/media?parent=14310"}],"wp:term":[{"taxonomy":"category","embeddable":true,"href":"https:\/\/linitiative.ca\/International\/wp-json\/wp\/v2\/categories?post=14310"},{"taxonomy":"post_tag","embeddable":true,"href":"https:\/\/linitiative.ca\/International\/wp-json\/wp\/v2\/tags?post=14310"}],"curies":[{"name":"wp","href":"https:\/\/api.w.org\/{rel}","templated":true}]}}