{"id":143103,"date":"2022-03-14T17:01:47","date_gmt":"2022-03-14T21:01:47","guid":{"rendered":"https:\/\/linitiative.ca\/International\/tunisie-malek-ezzahi-le-sage-na-pas-besoin-dun-autre-signe-pour-comprendre-que-le-temps-des-conspirations-est-revolu\/"},"modified":"2022-03-14T17:01:47","modified_gmt":"2022-03-14T21:01:47","slug":"tunisie-malek-ezzahi-le-sage-na-pas-besoin-dun-autre-signe-pour-comprendre-que-le-temps-des-conspirations-est-revolu","status":"publish","type":"post","link":"https:\/\/linitiative.ca\/International\/tunisie-malek-ezzahi-le-sage-na-pas-besoin-dun-autre-signe-pour-comprendre-que-le-temps-des-conspirations-est-revolu\/","title":{"rendered":"Tunisie-Malek Ezzahi : \u00ab Le sage n\u2019a pas besoin d\u2019un autre signe pour comprendre que le temps des conspirations est r\u00e9volu \u00bb"},"content":{"rendered":"<div>\n<p>Le ministre des Affaires Sociales, Malek Ezzahi a comment\u00e9 dans un post publi\u00e9 sur sa page ce lundi soir, 14 mars 2022, le ph\u00e9nom\u00e8ne de la sp\u00e9culation en Tunisie. \u00abLe sage n\u2019a pas besoin d\u2019un autre signe pour comprendre que le temps des conspirations et des ruses dans les salles obscures est r\u00e9volu.\u00a0Tout adepte de [\u2026]<\/p>\n<p>L\u2019article <a href=\"https:\/\/www.tunisienumerique.com\/tunisie-malek-ezzahi-le-sage-na-pas-besoin-dun-autre-signe-pour-comprendre-que-le-temps-des-conspirations-est-revolu\/\">Tunisie-Malek Ezzahi : \u00ab Le sage n\u2019a pas besoin d\u2019un autre signe pour comprendre que le temps des conspirations est r\u00e9volu \u00bb<\/a> est apparu en premier sur <a href=\"https:\/\/www.tunisienumerique.com\/\">Tunisie<\/a>.<\/p>\n<\/div>\n<p>Auteur: rania ben slimane<br \/>\n<a href=\"https:\/\/www.tunisienumerique.com\/tunisie-malek-ezzahi-le-sage-na-pas-besoin-dun-autre-signe-pour-comprendre-que-le-temps-des-conspirations-est-revolu\/\">Cliquez ici pour lire l&rsquo;article depuis sa source.<\/a><\/p>\n","protected":false},"excerpt":{"rendered":"<p>Le ministre des Affaires Sociales, Malek Ezzahi a comment\u00e9 dans un post publi\u00e9 sur sa page ce lundi soir, 14 mars 2022, le ph\u00e9nom\u00e8ne de la sp\u00e9culation en Tunisie. \u00abLe sage n\u2019a pas besoin d\u2019un autre signe pour comprendre que le temps des conspirations et des ruses dans les salles obscures est r\u00e9volu.\u00a0Tout adepte de [&hellip;]<\/p>\n","protected":false},"author":1789,"featured_media":0,"comment_status":"closed","ping_status":"closed","sticky":false,"template":"","format":"standard","meta":{"fifu_image_url":"","fifu_image_alt":"","footnotes":""},"categories":[73,55],"tags":[],"class_list":["post-143103","post","type-post","status-publish","format-standard","hentry","category-actualite","category-tunisie"],"_links":{"self":[{"href":"https:\/\/linitiative.ca\/International\/wp-json\/wp\/v2\/posts\/143103","targetHints":{"allow":["GET"]}}],"collection":[{"href":"https:\/\/linitiative.ca\/International\/wp-json\/wp\/v2\/posts"}],"about":[{"href":"https:\/\/linitiative.ca\/International\/wp-json\/wp\/v2\/types\/post"}],"author":[{"embeddable":true,"href":"https:\/\/linitiative.ca\/International\/wp-json\/wp\/v2\/users\/1789"}],"replies":[{"embeddable":true,"href":"https:\/\/linitiative.ca\/International\/wp-json\/wp\/v2\/comments?post=143103"}],"version-history":[{"count":0,"href":"https:\/\/linitiative.ca\/International\/wp-json\/wp\/v2\/posts\/143103\/revisions"}],"wp:attachment":[{"href":"https:\/\/linitiative.ca\/International\/wp-json\/wp\/v2\/media?parent=143103"}],"wp:term":[{"taxonomy":"category","embeddable":true,"href":"https:\/\/linitiative.ca\/International\/wp-json\/wp\/v2\/categories?post=143103"},{"taxonomy":"post_tag","embeddable":true,"href":"https:\/\/linitiative.ca\/International\/wp-json\/wp\/v2\/tags?post=143103"}],"curies":[{"name":"wp","href":"https:\/\/api.w.org\/{rel}","templated":true}]}}