{"id":143104,"date":"2022-03-14T17:08:50","date_gmt":"2022-03-14T21:08:50","guid":{"rendered":"https:\/\/linitiative.ca\/International\/oms-la-pandemie-de-covid-pourrait-reprendre-au-mois-de-ramadan\/"},"modified":"2022-03-14T17:08:50","modified_gmt":"2022-03-14T21:08:50","slug":"oms-la-pandemie-de-covid-pourrait-reprendre-au-mois-de-ramadan","status":"publish","type":"post","link":"https:\/\/linitiative.ca\/International\/oms-la-pandemie-de-covid-pourrait-reprendre-au-mois-de-ramadan\/","title":{"rendered":"OMS\u00a0: La pand\u00e9mie de covid pourrait reprendre au mois de Ramadan"},"content":{"rendered":"<div>\n<p>L\u2019OMS a averti, ce lundi, de la possible recrudescence des cas de covid, pendant le mois de Ramadan, avec possible apparition de nouveaux variants. Et ce, \u00e0 cause des habitudes propres \u00e0 ce mois saint, notamment les d\u00eeners en famille et les pri\u00e8res du Tarawih.<\/p>\n<p>L\u2019article <a href=\"https:\/\/www.tunisienumerique.com\/oms-la-pandemie-de-covid-pourrait-reprendre-au-mois-de-ramadan\/\">OMS\u00a0: La pand\u00e9mie de covid pourrait reprendre au mois de Ramadan<\/a> est apparu en premier sur <a href=\"https:\/\/www.tunisienumerique.com\/\">Tunisie<\/a>.<\/p>\n<\/div>\n<p>Auteur: LM<br \/>\n<a href=\"https:\/\/www.tunisienumerique.com\/oms-la-pandemie-de-covid-pourrait-reprendre-au-mois-de-ramadan\/\">Cliquez ici pour lire l&rsquo;article depuis sa source.<\/a><\/p>\n","protected":false},"excerpt":{"rendered":"<p>L\u2019OMS a averti, ce lundi, de la possible recrudescence des cas de covid, pendant le mois de Ramadan, avec possible apparition de nouveaux variants. Et ce, \u00e0 cause des habitudes propres \u00e0 ce mois saint, notamment les d\u00eeners en famille et les pri\u00e8res du Tarawih. L\u2019article OMS\u00a0: La pand\u00e9mie de covid pourrait reprendre au mois [&hellip;]<\/p>\n","protected":false},"author":1789,"featured_media":0,"comment_status":"closed","ping_status":"closed","sticky":false,"template":"","format":"standard","meta":{"fifu_image_url":"","fifu_image_alt":"","footnotes":""},"categories":[73,55],"tags":[],"class_list":["post-143104","post","type-post","status-publish","format-standard","hentry","category-actualite","category-tunisie"],"_links":{"self":[{"href":"https:\/\/linitiative.ca\/International\/wp-json\/wp\/v2\/posts\/143104","targetHints":{"allow":["GET"]}}],"collection":[{"href":"https:\/\/linitiative.ca\/International\/wp-json\/wp\/v2\/posts"}],"about":[{"href":"https:\/\/linitiative.ca\/International\/wp-json\/wp\/v2\/types\/post"}],"author":[{"embeddable":true,"href":"https:\/\/linitiative.ca\/International\/wp-json\/wp\/v2\/users\/1789"}],"replies":[{"embeddable":true,"href":"https:\/\/linitiative.ca\/International\/wp-json\/wp\/v2\/comments?post=143104"}],"version-history":[{"count":0,"href":"https:\/\/linitiative.ca\/International\/wp-json\/wp\/v2\/posts\/143104\/revisions"}],"wp:attachment":[{"href":"https:\/\/linitiative.ca\/International\/wp-json\/wp\/v2\/media?parent=143104"}],"wp:term":[{"taxonomy":"category","embeddable":true,"href":"https:\/\/linitiative.ca\/International\/wp-json\/wp\/v2\/categories?post=143104"},{"taxonomy":"post_tag","embeddable":true,"href":"https:\/\/linitiative.ca\/International\/wp-json\/wp\/v2\/tags?post=143104"}],"curies":[{"name":"wp","href":"https:\/\/api.w.org\/{rel}","templated":true}]}}