{"id":143105,"date":"2022-03-14T15:31:08","date_gmt":"2022-03-14T19:31:08","guid":{"rendered":"https:\/\/linitiative.ca\/International\/modification-de-la-legislation-sur-la-presse-et-laudiovisuel-en-cote-divoire-faut-il-craindre-pour-la-liberte-dexpression\/"},"modified":"2022-03-14T15:31:08","modified_gmt":"2022-03-14T19:31:08","slug":"modification-de-la-legislation-sur-la-presse-et-laudiovisuel-en-cote-divoire-faut-il-craindre-pour-la-liberte-dexpression","status":"publish","type":"post","link":"https:\/\/linitiative.ca\/International\/modification-de-la-legislation-sur-la-presse-et-laudiovisuel-en-cote-divoire-faut-il-craindre-pour-la-liberte-dexpression\/","title":{"rendered":"MODIFICATION DE LA LEGISLATION SUR LA PRESSE ET L\u2019AUDIOVISUEL EN COTE D\u2019IVOIRE : Faut-il craindre pour la libert\u00e9 d\u2019expression\u00a0?"},"content":{"rendered":"<div>\n<p><img loading=\"lazy\" decoding=\"async\" width=\"300\" height=\"168\" src=\"https:\/\/linitiative.ca\/International\/wp-content\/uploads\/sites\/23\/2022\/03\/RCI.jpg\" class=\"attachment- size- wp-post-image\" alt=\"\" style=\"float:left; margin:0 15px 15px 0;\" srcset=\"https:\/\/linitiative.ca\/International\/wp-content\/uploads\/sites\/23\/2022\/03\/RCI.jpg 300w, https:\/\/lepays.bf\/wp-content\/uploads\/2022\/03\/RCI-150x84.jpg 150w\" sizes=\"auto, (max-width: 300px) 100vw, 300px\">\u00ab\u00a0O\u00f9 il n\u2019y a pas de ma\u00eetre, tout le monde est ma\u00eetre. O\u00f9 tout le monde est ma\u00eetre, tout le monde est esclave\u00bb, disait Bossuet. L\u2019auteur traduit, par-l\u00e0, la n\u00e9cessit\u00e9 d\u2019encadrer la vie en soci\u00e9t\u00e9 afin que chacun, dans le cadre des lois \u00e9tablies, puisse [\u2026]<\/p>\n<p>L\u2019article <a rel=\"nofollow\" href=\"https:\/\/lepays.bf\/modification-de-la-legislation-sur-la-presse-et-laudiovisuel-en-cote-divoire-faut-il-craindre-pour-la-liberte-dexpression\/\">MODIFICATION DE LA LEGISLATION SUR LA PRESSE ET L\u2019AUDIOVISUEL EN COTE D\u2019IVOIRE : Faut-il craindre pour la libert\u00e9 d\u2019expression\u00a0?<\/a> est apparu en premier sur <a rel=\"nofollow\" href=\"https:\/\/lepays.bf\/\">Editions Le Pays<\/a>.<\/p>\n<\/div>\n<p>Auteur: Editions LEPAYS<br \/>\n<a href=\"https:\/\/lepays.bf\/modification-de-la-legislation-sur-la-presse-et-laudiovisuel-en-cote-divoire-faut-il-craindre-pour-la-liberte-dexpression\/\">Cliquez ici pour lire l&rsquo;article depuis sa source.<\/a><\/p>\n","protected":false},"excerpt":{"rendered":"<p>\u00ab\u00a0O\u00f9 il n\u2019y a pas de ma\u00eetre, tout le monde est ma\u00eetre. O\u00f9 tout le monde est ma\u00eetre, tout le monde est esclave\u00bb, disait Bossuet. L\u2019auteur traduit, par-l\u00e0, la n\u00e9cessit\u00e9 d\u2019encadrer la vie en soci\u00e9t\u00e9 afin que chacun, dans le cadre des lois \u00e9tablies, puisse [\u2026] L\u2019article MODIFICATION DE LA LEGISLATION SUR LA PRESSE ET [&hellip;]<\/p>\n","protected":false},"author":1813,"featured_media":0,"comment_status":"closed","ping_status":"closed","sticky":false,"template":"","format":"standard","meta":{"fifu_image_url":"https:\/\/lepays.bf\/wp-content\/uploads\/2022\/03\/RCI.jpg","fifu_image_alt":"MODIFICATION DE LA LEGISLATION SUR LA PRESSE ET L\u2019AUDIOVISUEL EN COTE D\u2019IVOIRE : Faut-il craindre pour la libert\u00e9 d\u2019expression\u00a0?","footnotes":""},"categories":[73,81],"tags":[],"class_list":["post-143105","post","type-post","status-publish","format-standard","hentry","category-actualite","category-burkina-faso"],"_links":{"self":[{"href":"https:\/\/linitiative.ca\/International\/wp-json\/wp\/v2\/posts\/143105","targetHints":{"allow":["GET"]}}],"collection":[{"href":"https:\/\/linitiative.ca\/International\/wp-json\/wp\/v2\/posts"}],"about":[{"href":"https:\/\/linitiative.ca\/International\/wp-json\/wp\/v2\/types\/post"}],"author":[{"embeddable":true,"href":"https:\/\/linitiative.ca\/International\/wp-json\/wp\/v2\/users\/1813"}],"replies":[{"embeddable":true,"href":"https:\/\/linitiative.ca\/International\/wp-json\/wp\/v2\/comments?post=143105"}],"version-history":[{"count":0,"href":"https:\/\/linitiative.ca\/International\/wp-json\/wp\/v2\/posts\/143105\/revisions"}],"wp:attachment":[{"href":"https:\/\/linitiative.ca\/International\/wp-json\/wp\/v2\/media?parent=143105"}],"wp:term":[{"taxonomy":"category","embeddable":true,"href":"https:\/\/linitiative.ca\/International\/wp-json\/wp\/v2\/categories?post=143105"},{"taxonomy":"post_tag","embeddable":true,"href":"https:\/\/linitiative.ca\/International\/wp-json\/wp\/v2\/tags?post=143105"}],"curies":[{"name":"wp","href":"https:\/\/api.w.org\/{rel}","templated":true}]}}