{"id":143107,"date":"2022-03-14T17:10:32","date_gmt":"2022-03-14T21:10:32","guid":{"rendered":"https:\/\/linitiative.ca\/International\/monde-politique-burkinabe-boukari-ouedraogo-dit-tintin-repose-au-cimetiere-de-nagrin\/"},"modified":"2022-03-14T17:10:32","modified_gmt":"2022-03-14T21:10:32","slug":"monde-politique-burkinabe-boukari-ouedraogo-dit-tintin-repose-au-cimetiere-de-nagrin","status":"publish","type":"post","link":"https:\/\/linitiative.ca\/International\/monde-politique-burkinabe-boukari-ouedraogo-dit-tintin-repose-au-cimetiere-de-nagrin\/","title":{"rendered":"Monde politique burkinab\u00e8 :  Boukari Ou\u00e9draogo dit \u00ab Tintin \u00bb repose au cimeti\u00e8re de Nagrin"},"content":{"rendered":"<div>\n<p><strong>D\u00e9c\u00e9d\u00e9 un peu plus t\u00f4t dans la matin\u00e9e, l\u2019homme d\u2019affaires et candidat ind\u00e9pendant \u00e0 l\u2019\u00e9lection pr\u00e9sidentielle de novembre 2015, Boukari Ou\u00e9draogo dit \u00ab Tintin \u00bb a \u00e9t\u00e9 inhum\u00e9 dans l\u2019apr\u00e8s-midi du dimanche 13 mars 2022 au cimeti\u00e8re de Nagrin, route de Sapon\u00e9.<\/strong><\/p>\n<p><img decoding=\"async\" loading=\"lazy\" class=\"size-medium wp-image-46729 alignleft\" src=\"https:\/\/linitiative.ca\/International\/wp-content\/uploads\/sites\/23\/2022\/03\/2-19-300x300-1.jpg\" alt=\"\" width=\"300\" height=\"300\" srcset=\"https:\/\/linitiative.ca\/International\/wp-content\/uploads\/sites\/23\/2022\/03\/2-19-300x300-1.jpg 300w, https:\/\/www.sidwaya.info\/wp-content\/uploads\/2022\/03\/2-19-150x150.jpg 150w, https:\/\/www.sidwaya.info\/wp-content\/uploads\/2022\/03\/2-19-420x420.jpg 420w, https:\/\/www.sidwaya.info\/wp-content\/uploads\/2022\/03\/2-19.jpg 595w\" sizes=\"auto, (max-width: 300px) 100vw, 300px\">Le monde politique burkinab\u00e8 est en deuil. Candidat ind\u00e9pendant malheureux \u00e0 l\u2019\u00e9lection pr\u00e9sidentielle de 2015, Boukari Ou\u00e9draogo dit \u00ab Tintin \u00bb s\u2019est \u00e9teint dans la matin\u00e9e du dimanche 13 mars 2022 \u00e0 Ouagadougou, des suites de maladie. Malade pendant plusieurs mois, l\u2019homme n\u2019avait plus r\u00e9apparu sur la sc\u00e8ne politique nationale. En pr\u00e9sence de parents, connaissances et de quelques coll\u00e8gues, le regrett\u00e9 a \u00e9t\u00e9 conduit, dans l\u2019apr\u00e8s-midi d\u2019hier dimanche, \u00e0 sa derni\u00e8re demeure au cimeti\u00e8re de Nagrin, route de Sapon\u00e9. Op\u00e9rateur \u00e9conomique et Pr\u00e9sident directeur g\u00e9n\u00e9ral (PDG) de la Soci\u00e9t\u00e9 de promotion immobili\u00e8re (SOPIM), Boukari Ou\u00e9draogo a \u00e9t\u00e9 \u00e9galement premier vice-pr\u00e9sident du Syndicat national des entrepreneurs du b\u00e2timent et des travaux publics. Pour le secr\u00e9taire g\u00e9n\u00e9ral du Syndicat national des entrepreneurs du b\u00e2timent et des travaux publics du Burkina, Karim Dem\u00e9, outre le milieu politique, le monde des affaires au pays des Hommes int\u00e8gres vient de perdre l\u2019un de ses dignes repr\u00e9sentants. \u00ab Il \u00e9tait un entrepreneur passionn\u00e9 et enti\u00e8rement consacr\u00e9 \u00e0 son m\u00e9tier. En somme, Boukari Ou\u00e9draogo \u00e9tait l\u2019incarnation du travailleur d\u00e9vou\u00e9.<\/p>\n<p>C\u2019\u00e9tait un grand homme et tr\u00e8s sociable. Nous sommes donc l\u00e0 pour rendre un dernier et vibrant hommage \u00e0 un grand homme, un grand travailleur \u00bb, a-t-il t\u00e9moign\u00e9. Quant \u00e0 l\u2019un des ain\u00e9s du d\u00e9funt, Rasman\u00e9 Ou\u00e9draogo dit \u00ab Raso \u00bb, il a dit \u00eatre profond\u00e9ment touch\u00e9 par le d\u00e9c\u00e8s de son fr\u00e8re cadet. A l\u2019entendre, Boukari Ou\u00e9draogo \u00e9tait un homme jovial, travailleur et avait son franc- parler. A son avis, la fratrie perd l\u2019un de ses \u00ab plus solides piliers \u00bb. Premier vice-pr\u00e9sident du Syndicat national des entrepreneurs du b\u00e2timent et des travaux publics, par ailleurs pr\u00e9sident de l\u2019Association des promoteurs immobiliers du Burkina, Boukari Ou\u00e9draogo dit \u00ab Tintin \u00bb a \u00e9t\u00e9 le premier \u00e0 d\u00e9voiler son ambition de briguer la magistrature supr\u00eame du Burkina, le 1er juin 2015 devant un parterre d\u2019hommes et femmes de m\u00e9dias, en tant que candidat ind\u00e9pendant, au scrutin de novembre 2015. L\u2019homme d\u2019affaires burkinab\u00e8 s\u2019\u00e9tait farouchement oppos\u00e9 \u00e0 la modification du nouveau code \u00e9lectoral notamment en son article 135 frappant d\u2019in\u00e9ligibilit\u00e9 les personnes ayant soutenu la tentative de r\u00e9vision constitutionnelle d\u2019octobre 2014. Une mesure interpr\u00e9t\u00e9e par les partisans de l\u2019ancien r\u00e9gime d\u00e9chu d\u2019alors comme un acte d\u2019exclusion politique.<\/p>\n<p style=\"text-align: right\"><strong>Pat\u00e9n\u00e9ma Oumar OUEDRAOGO <\/strong><\/p>\n<p style=\"text-align: right\"><strong>D\u00f4 DAO (Stagiaire) <\/strong><\/p>\n<p>L\u2019article <a rel=\"nofollow\" href=\"https:\/\/www.sidwaya.info\/blog\/2022\/03\/14\/monde-politique-burkinabe-boukari-ouedraogo-dit-tintin-repose-au-cimetiere-de-nagrin\/\">Monde politique burkinab\u00e8 :  Boukari Ou\u00e9draogo dit \u00ab Tintin \u00bb repose au cimeti\u00e8re de Nagrin<\/a> est apparu en premier sur <a rel=\"nofollow\" href=\"https:\/\/www.sidwaya.info\/\">Quotidien Sidwaya<\/a>.<\/p>\n<\/div>\n<p>Auteur: JK. Sidwaya<br \/>\n<a href=\"https:\/\/www.sidwaya.info\/blog\/2022\/03\/14\/monde-politique-burkinabe-boukari-ouedraogo-dit-tintin-repose-au-cimetiere-de-nagrin\/?utm_source=rss&#038;utm_medium=rss&#038;utm_campaign=monde-politique-burkinabe-boukari-ouedraogo-dit-tintin-repose-au-cimetiere-de-nagrin\">Cliquez ici pour lire l&rsquo;article depuis sa source.<\/a><\/p>\n","protected":false},"excerpt":{"rendered":"<p>D\u00e9c\u00e9d\u00e9 un peu plus t\u00f4t dans la matin\u00e9e, l\u2019homme d\u2019affaires et candidat ind\u00e9pendant \u00e0 l\u2019\u00e9lection pr\u00e9sidentielle de novembre 2015, Boukari Ou\u00e9draogo dit \u00ab Tintin \u00bb a \u00e9t\u00e9 inhum\u00e9 dans l\u2019apr\u00e8s-midi du dimanche 13 mars 2022 au cimeti\u00e8re de Nagrin, route de Sapon\u00e9. Le monde politique burkinab\u00e8 est en deuil. Candidat ind\u00e9pendant malheureux \u00e0 l\u2019\u00e9lection pr\u00e9sidentielle [&hellip;]<\/p>\n","protected":false},"author":1816,"featured_media":0,"comment_status":"closed","ping_status":"closed","sticky":false,"template":"","format":"standard","meta":{"fifu_image_url":"https:\/\/www.sidwaya.info\/wp-content\/uploads\/2022\/03\/2-19-300x300.jpg","fifu_image_alt":"Monde politique burkinab\u00e8 :  Boukari Ou\u00e9draogo dit \u00ab Tintin \u00bb repose au cimeti\u00e8re de Nagrin","footnotes":""},"categories":[73,81],"tags":[],"class_list":["post-143107","post","type-post","status-publish","format-standard","hentry","category-actualite","category-burkina-faso"],"_links":{"self":[{"href":"https:\/\/linitiative.ca\/International\/wp-json\/wp\/v2\/posts\/143107","targetHints":{"allow":["GET"]}}],"collection":[{"href":"https:\/\/linitiative.ca\/International\/wp-json\/wp\/v2\/posts"}],"about":[{"href":"https:\/\/linitiative.ca\/International\/wp-json\/wp\/v2\/types\/post"}],"author":[{"embeddable":true,"href":"https:\/\/linitiative.ca\/International\/wp-json\/wp\/v2\/users\/1816"}],"replies":[{"embeddable":true,"href":"https:\/\/linitiative.ca\/International\/wp-json\/wp\/v2\/comments?post=143107"}],"version-history":[{"count":0,"href":"https:\/\/linitiative.ca\/International\/wp-json\/wp\/v2\/posts\/143107\/revisions"}],"wp:attachment":[{"href":"https:\/\/linitiative.ca\/International\/wp-json\/wp\/v2\/media?parent=143107"}],"wp:term":[{"taxonomy":"category","embeddable":true,"href":"https:\/\/linitiative.ca\/International\/wp-json\/wp\/v2\/categories?post=143107"},{"taxonomy":"post_tag","embeddable":true,"href":"https:\/\/linitiative.ca\/International\/wp-json\/wp\/v2\/tags?post=143107"}],"curies":[{"name":"wp","href":"https:\/\/api.w.org\/{rel}","templated":true}]}}