{"id":143109,"date":"2022-03-14T17:13:30","date_gmt":"2022-03-14T21:13:30","guid":{"rendered":"https:\/\/linitiative.ca\/International\/insecurite-dans-la-region-de-lest-des-ressortissants-tirent-la-sonnette-dalarme\/"},"modified":"2022-03-14T17:13:30","modified_gmt":"2022-03-14T21:13:30","slug":"insecurite-dans-la-region-de-lest-des-ressortissants-tirent-la-sonnette-dalarme","status":"publish","type":"post","link":"https:\/\/linitiative.ca\/International\/insecurite-dans-la-region-de-lest-des-ressortissants-tirent-la-sonnette-dalarme\/","title":{"rendered":"Ins\u00e9curit\u00e9 dans la r\u00e9gion de l\u2019Est : des ressortissants tirent  la sonnette d\u2019alarme"},"content":{"rendered":"<div>\n<p><strong>La Coalition des ressortissants de la province de la Kompienga (CRPK) a anim\u00e9 une conf\u00e9rence de presse sur l\u2019ins\u00e9curit\u00e9 qui pr\u00e9vaut dans la province, le dimanche 13 mars 2022, \u00e0 Ouagadougou.<\/strong><\/p>\n<p>Les populations de la province de la Kompienga dans la r\u00e9gion de l\u2019Est vivent dans une situation s\u00e9curitaire tr\u00e8s d\u00e9l\u00e9t\u00e8re. Il ne se passe pas un jour sans que les populations de ces zones soient victimes de la \u00ab barbarie \u00bb des Hommes arm\u00e9s non identifi\u00e9s (HANI). C\u2019est le triste constat fait par la Coalition des ressortissants de la province de la Kompienga (CRPK). Au regard de ce climat d\u2019ins\u00e9curit\u00e9, les responsables de la CRPK ont anim\u00e9 une conf\u00e9rence de presse, le dimanche 13 mars 2022, \u00e0 Ouagadougou, en vue d\u2019alerter les autorit\u00e9s sur la situation qui pr\u00e9vaut dans la Kompienga.<\/p>\n<p>\u00ab Il n\u2019est point possible pour un individu de sortir \u00e0 500 m\u00e8tres de Pama au risque d\u2019\u00eatre enlev\u00e9 par les terroristes \u00bb, a indiqu\u00e9 le porte-parole de la coalition, Bassirou Badjo. Selon ses dires, la province de la Kompienga \u00ab s\u2019amenuise \u00bb, \u00ab s\u2019\u00e9tiole \u00bb de jour en jour. Cette situation se caract\u00e9rise sur le terrain, \u00e9galement, selon lui, par la vandalisation de poteaux \u00e9lectriques, des stations de r\u00e9seaux t\u00e9l\u00e9phoniques et le sabotage des dispositifs d\u2019approvisionnement de l\u2019Office national de l\u2019eau et de l\u2019assainissement (ONEA). \u00ab L\u2019arr\u00eat de l\u2019administration publique et la fermeture des centres sanitaires sont un coup dur pour les habitants de la province \u00bb, s\u2019est indign\u00e9 M. Badjo. Pour les membres de la CRPK, se taire face aux violences des groupes arm\u00e9s, c\u2019est faire preuve de complicit\u00e9. R\u00e9pondant \u00e0 l\u2019une des pr\u00e9occupations des journalistes relatives \u00e0 la contribution des Volontaires pour la d\u00e9fense de la patrie (VDP) dans la lutte contre le terrorisme, le porte-parole a rassur\u00e9 de la disponibilit\u00e9 des jeunes de la localit\u00e9.<\/p>\n<p>A son avis, ceux-ci n\u2019attendent de la part de l\u2019Etat qu\u2019une formation et de l\u2019\u00e9quipement. Il a donc plaid\u00e9 pour un accompagnement ad\u00e9quat des VDP afin de venir \u00e0 bout de l\u2019hydre terroriste. Toujours dans la perspective de la lutte contre l\u2019ins\u00e9curit\u00e9 dans la province, la CRPK a recommand\u00e9 qu\u2019une intervention militaire comme Otapouanu soit reconduite dans la zone. Tout en fondant l\u2019espoir que son cri du c\u0153ur sera entendu des autorit\u00e9s, la coalition entend poursuivre ses alertes afin de soulager les Burkinab\u00e8 vivant dans cette partie du pays.<\/p>\n<p style=\"text-align: right\"><strong>D\u00f4 DAO Alice SAWADOGO (Stagiaires) <\/strong><\/p>\n<p>L\u2019article <a rel=\"nofollow\" href=\"https:\/\/www.sidwaya.info\/blog\/2022\/03\/14\/insecurite-dans-la-region-de-lest-des-ressortissants-tirent-la-sonnette-dalarme\/\">Ins\u00e9curit\u00e9 dans la r\u00e9gion de l\u2019Est : des ressortissants tirent  la sonnette d\u2019alarme<\/a> est apparu en premier sur <a rel=\"nofollow\" href=\"https:\/\/www.sidwaya.info\/\">Quotidien Sidwaya<\/a>.<\/p>\n<\/div>\n<p>Auteur: JK. Sidwaya<br \/>\n<a href=\"https:\/\/www.sidwaya.info\/blog\/2022\/03\/14\/insecurite-dans-la-region-de-lest-des-ressortissants-tirent-la-sonnette-dalarme\/?utm_source=rss&#038;utm_medium=rss&#038;utm_campaign=insecurite-dans-la-region-de-lest-des-ressortissants-tirent-la-sonnette-dalarme\">Cliquez ici pour lire l&rsquo;article depuis sa source.<\/a><\/p>\n","protected":false},"excerpt":{"rendered":"<p>La Coalition des ressortissants de la province de la Kompienga (CRPK) a anim\u00e9 une conf\u00e9rence de presse sur l\u2019ins\u00e9curit\u00e9 qui pr\u00e9vaut dans la province, le dimanche 13 mars 2022, \u00e0 Ouagadougou. Les populations de la province de la Kompienga dans la r\u00e9gion de l\u2019Est vivent dans une situation s\u00e9curitaire tr\u00e8s d\u00e9l\u00e9t\u00e8re. Il ne se passe [&hellip;]<\/p>\n","protected":false},"author":1816,"featured_media":0,"comment_status":"closed","ping_status":"closed","sticky":false,"template":"","format":"standard","meta":{"fifu_image_url":"","fifu_image_alt":"","footnotes":""},"categories":[73,81],"tags":[],"class_list":["post-143109","post","type-post","status-publish","format-standard","hentry","category-actualite","category-burkina-faso"],"_links":{"self":[{"href":"https:\/\/linitiative.ca\/International\/wp-json\/wp\/v2\/posts\/143109","targetHints":{"allow":["GET"]}}],"collection":[{"href":"https:\/\/linitiative.ca\/International\/wp-json\/wp\/v2\/posts"}],"about":[{"href":"https:\/\/linitiative.ca\/International\/wp-json\/wp\/v2\/types\/post"}],"author":[{"embeddable":true,"href":"https:\/\/linitiative.ca\/International\/wp-json\/wp\/v2\/users\/1816"}],"replies":[{"embeddable":true,"href":"https:\/\/linitiative.ca\/International\/wp-json\/wp\/v2\/comments?post=143109"}],"version-history":[{"count":0,"href":"https:\/\/linitiative.ca\/International\/wp-json\/wp\/v2\/posts\/143109\/revisions"}],"wp:attachment":[{"href":"https:\/\/linitiative.ca\/International\/wp-json\/wp\/v2\/media?parent=143109"}],"wp:term":[{"taxonomy":"category","embeddable":true,"href":"https:\/\/linitiative.ca\/International\/wp-json\/wp\/v2\/categories?post=143109"},{"taxonomy":"post_tag","embeddable":true,"href":"https:\/\/linitiative.ca\/International\/wp-json\/wp\/v2\/tags?post=143109"}],"curies":[{"name":"wp","href":"https:\/\/api.w.org\/{rel}","templated":true}]}}