{"id":14311,"date":"2019-02-14T14:18:03","date_gmt":"2019-02-14T19:18:03","guid":{"rendered":"https:\/\/linitiative.ca\/International\/des-diplomates-etrangers-informes-de-la-situation-au-nord-du-tchad\/"},"modified":"2019-02-14T14:18:03","modified_gmt":"2019-02-14T19:18:03","slug":"des-diplomates-etrangers-informes-de-la-situation-au-nord-du-tchad","status":"publish","type":"post","link":"https:\/\/linitiative.ca\/International\/des-diplomates-etrangers-informes-de-la-situation-au-nord-du-tchad\/","title":{"rendered":"Des diplomates \u00e9trangers inform\u00e9s de la situation au nord du Tchad"},"content":{"rendered":"<div readability=\"32\">\n<p>Publi\u00e9 le 14.02.2019 \u00e0 20h18 par APA News<\/p>\n<\/div>\n<div readability=\"68\">\n<p>Le ministre tchadien des Affaires \u00e9trang\u00e8res, Mahamat Zene Ch\u00e9rif a inform\u00e9, jeudi \u00e0 N\u2019Djamena, les diplomates accr\u00e9dit\u00e9s au Tchad de la situation s\u00e9curitaire aux fronti\u00e8res avec la Libye et le Soudan.\u00ab Le Tchad n\u2019a eu cesse de d\u00e9noncer et de condamner la pr\u00e9sence de ces terroristes et bandes de mercenaires en territoire libyen qui, non seulement interf\u00e8rent dans la crise libyenne en se mettant au service des protagonistes moyennant des avantages financiers, mais se livrent \u00e9galement \u00e0 des trafics illicites d\u2019armes, de munitions, de drogues et d\u2019\u00eatres humains, ainsi qu\u2019\u00e0 des attaques arm\u00e9es r\u00e9currentes, contre les pays voisins, en particulier le Tchad \u00bb, a d\u00e9clar\u00e9 le chef de la diplomatie tchadienne.<\/p>\n<p>\u00ab Le Tchad, a-t-il poursuivi, \u00e9tant un Etat de droit, les prisonniers sont mis \u00e0 la disposition de la justice et r\u00e9pondront de leurs actes conform\u00e9ment aux lois de la R\u00e9publique \u00bb.<\/p>\n<p>M. Mahamat Zene Ch\u00e9rif a d\u00e9clar\u00e9 que cette agression contre le Tchad est l\u2019\u0153uvre d\u2019une bande arm\u00e9e, \u00e9quip\u00e9e et financ\u00e9e, selon lui, en Libye par des extr\u00e9mistes et des djihadistes bien implant\u00e9s dans ce pays voisin.<\/p>\n<p><ins data-revive-zoneid=\"9\" data-revive-id=\"10111e19d28d19d031742ee3b0b33eb0\"\/> <\/p>\n<p>\u00ab Cette bande est compos\u00e9e d\u2019\u00e9l\u00e9ments appartenant \u00e0 des groupes de mercenaires d\u2019origine et de nationalit\u00e9 diverses, ayant servi au sein des milices d\u2019Ibrahim JEDRAN, connu aussi sous le nom d\u2019Ibrahim JORDAN, contre lesquels le Gouvernement d\u2019Entente Nationale Libyen a \u00e9mis des mandats d\u2019arr\u00eat internationaux pour leur participation \u00e0 des attaques contre des terminaux p\u00e9troliers \u00bb, a indiqu\u00e9 M. Ch\u00e9rif aux diplomates accr\u00e9dit\u00e9s au Tchad.<\/p>\n<\/div>\n<p>Auteur: APA News<br \/>\n<a href=\"https:\/\/www.journalducameroun.com\/des-diplomates-etrangers-informes-de-la-situation-au-nord-du-tchad\/\">Cliquez ici pour lire l&rsquo;article depuis sa source.<\/a><\/p>\n","protected":false},"excerpt":{"rendered":"<p>Publi\u00e9 le 14.02.2019 \u00e0 20h18 par APA News Le ministre tchadien des Affaires \u00e9trang\u00e8res, Mahamat Zene Ch\u00e9rif a inform\u00e9, jeudi \u00e0 N\u2019Djamena, les diplomates accr\u00e9dit\u00e9s au Tchad de la situation s\u00e9curitaire aux fronti\u00e8res avec la Libye et le Soudan.\u00ab Le Tchad n\u2019a eu cesse de d\u00e9noncer et de condamner la pr\u00e9sence de ces terroristes et [&hellip;]<\/p>\n","protected":false},"author":1965,"featured_media":0,"comment_status":"closed","ping_status":"closed","sticky":false,"template":"","format":"standard","meta":{"fifu_image_url":"","fifu_image_alt":"","footnotes":""},"categories":[73,82],"tags":[],"class_list":["post-14311","post","type-post","status-publish","format-standard","hentry","category-actualite","category-cameroun"],"_links":{"self":[{"href":"https:\/\/linitiative.ca\/International\/wp-json\/wp\/v2\/posts\/14311","targetHints":{"allow":["GET"]}}],"collection":[{"href":"https:\/\/linitiative.ca\/International\/wp-json\/wp\/v2\/posts"}],"about":[{"href":"https:\/\/linitiative.ca\/International\/wp-json\/wp\/v2\/types\/post"}],"author":[{"embeddable":true,"href":"https:\/\/linitiative.ca\/International\/wp-json\/wp\/v2\/users\/1965"}],"replies":[{"embeddable":true,"href":"https:\/\/linitiative.ca\/International\/wp-json\/wp\/v2\/comments?post=14311"}],"version-history":[{"count":0,"href":"https:\/\/linitiative.ca\/International\/wp-json\/wp\/v2\/posts\/14311\/revisions"}],"wp:attachment":[{"href":"https:\/\/linitiative.ca\/International\/wp-json\/wp\/v2\/media?parent=14311"}],"wp:term":[{"taxonomy":"category","embeddable":true,"href":"https:\/\/linitiative.ca\/International\/wp-json\/wp\/v2\/categories?post=14311"},{"taxonomy":"post_tag","embeddable":true,"href":"https:\/\/linitiative.ca\/International\/wp-json\/wp\/v2\/tags?post=14311"}],"curies":[{"name":"wp","href":"https:\/\/api.w.org\/{rel}","templated":true}]}}