{"id":143110,"date":"2022-03-14T17:15:27","date_gmt":"2022-03-14T21:15:27","guid":{"rendered":"https:\/\/linitiative.ca\/International\/eternel-bongo\/"},"modified":"2022-03-14T17:15:27","modified_gmt":"2022-03-14T21:15:27","slug":"eternel-bongo","status":"publish","type":"post","link":"https:\/\/linitiative.ca\/International\/eternel-bongo\/","title":{"rendered":"Eternel Bongo !"},"content":{"rendered":"<div>\n<p>La nouvelle n\u2019est pas surprenante, tant on voyait le pr\u00e9sident gabonais venir. Ali Bongo, 63 ans, a annonc\u00e9, le samedi 12 mars 2022 \u00e0 Libreville, au cours d\u2019un meeting de c\u00e9l\u00e9bration du 54e anniversaire du Parti d\u00e9mocratique gabonais (PDG), son intention de briguer un 3e mandat. \u00ab Chers camarades, 2023 approche \u00e0 grands pas. Je serais l\u00e0 avec vous. Je serais l\u00e0 avec vous, pour vous. La seule issue sera la victoire, une victoire franche, nette, indiscutable\u00bb, a-t-il d\u00e9clar\u00e9 \u00e0 l\u2019occasion. Arriv\u00e9 au pouvoir \u00e0 la suite de l\u2019\u00e9lection pr\u00e9sidentielle anticip\u00e9e de 2009, cons\u00e9cutive au d\u00e9c\u00e8s de son p\u00e8re, Bongo fils n\u2019entend pas abandonner de sit\u00f4t le fauteuil dor\u00e9.<\/p>\n<p>Il sera en lice pour la pr\u00e9sidentielle de 2023, avec en ligne de mire un autre septennat, n\u2019en d\u00e9plaise \u00e0 ses opposants. A priori, la candidature d\u2019Ali Bongo ne pose pas de probl\u00e8me, puisque la loi fondamentale ne l\u2019emp\u00eache pas de se repr\u00e9senter. Il peut le faire \u00e0 souhait, selon la Constitution r\u00e9vis\u00e9e de 2017, qui consacre \u00e9galement le d\u00e9roulement \u00e0 deux tours du futur scrutin. Si son projet n\u2019est pas anticonstitutionnel, l\u2019\u00e9tat de sant\u00e9 du chef de l\u2019Etat gabonais pose question. M\u00eame s\u2019il dit avoir \u00ab d\u00e9finitivement \u00bb et \u00ab totalement \u00bb surmont\u00e9 l\u2019Accident vasculaire c\u00e9r\u00e9bral (AVC) d\u2019octobre 2018, cela se voit comme le nez au beau milieu du visage, qu\u2019il en est sorti physiquement diminu\u00e9, tr\u00e8s affaibli. N\u2019a-t-il pas multipli\u00e9 les s\u00e9ances de r\u00e9\u00e9ducation et d\u2019orthophonie ? L\u2019homme fort de Libreville est apparu au 54e anniversaire du PDG, sans sa canne, mais il n\u2019est plus l\u2019homme d\u2019antan, physiquement bien b\u00e2ti et plein de vie. Malgr\u00e9 cette posture physique encourageante, que certains ont m\u00eame qualifi\u00e9e de mise en sc\u00e8ne, Ali Bongo renvoie toujours l\u2019image d\u2019un patient, dont la p\u00e9riode de convalescence n\u2019est pas termin\u00e9e.<\/p>\n<p>Le pr\u00e9sident gabonais devrait se donner plus de temps pour r\u00e9cup\u00e9rer, au lieu de s\u2019inscrire d\u00e9j\u00e0 dans une campagne \u00e9lectorale avant l\u2019heure. Dispose-t-il actuellement de forces physiques et mentales n\u00e9cessaires pour reprendre son activisme politique ? Ali Bongo doit \u00eatre certainement pris en otage par son entourage, qui le pousse \u00e0 tort ou \u00e0 raison \u00e0 ne pas quitter le pouvoir. M\u00eame s\u2019il ne pr\u00e9sente pas un bilan reluisant en mati\u00e8re de bonne gouvernance, de corruption et de lutte contre le pillage des deniers publics, le chef de l\u2019Etat gabonais peut mettre certains acquis dans la balance, pour solliciter \u00e0 nouveau la confiance de ses compatriotes dans les urnes. Il peut se targuer d\u2019avoir pris des mesures \u00e9conomiques favorables, dont l\u2019interdiction d\u2019exporter le bois en grume et d\u2019avoir travaill\u00e9 \u00e0 r\u00e9duire le train de vie de l\u2019Etat, avec des d\u00e9cisions fortes comme la suppression des fonds communs.<\/p>\n<p>Le pr\u00e9sident gabonais peut aussi, et surtout, compter sur le syst\u00e8me s\u00e9curitaire et \u00e9conomique l\u00e9gu\u00e9 par son d\u00e9funt p\u00e8re, pour perp\u00e9tuer la dynastie Bongo. De quoi susciter en lui, l\u2019envie de marcher sur les traces de son g\u00e9niteur, qui a dirig\u00e9 le pays pendant 41 ans, m\u00eame s\u2019il n\u2019est pas assur\u00e9 de faire autant de temps aux affaires. Pour garder le gouvernail, Ali Bongo devra d\u2019abord dompter une opposition, d\u00e9sunie, mais d\u00e9termin\u00e9e \u00e0 le chasser du pouvoir \u00ab par tous les moyens \u00bb, comme l\u2019a r\u00e9cemment affirm\u00e9, sa figure de proue, Jean Ping, 80 ans, candidat malheureux \u00e0 la pr\u00e9sidentielle de 2016. M\u00eame s\u2019il n\u2019a plus son aura et sa vitalit\u00e9 d\u2019avant, le \u00ab chinois \u00bb, comme on le surnomme, n\u2019a pas encore reconnu sa d\u00e9faite. Six ans apr\u00e8s, il se consid\u00e8re toujours comme le pr\u00e9sident \u00e9lu du Gabon et n\u2019h\u00e9site pas \u00e0 d\u00e9cocher des fl\u00e8ches contre Ali Bongo. On se rappelle d\u2019ailleurs, les affrontements entre manifestants et forces de l\u2019ordre qui avaient suivi l\u2019annonce de la r\u00e9\u00e9lection d\u2019Ali Bongo en 2016. Le climat \u00e9tait quasi insurrectionnel \u00e0 Libreville et dans plusieurs autres villes du pays. On avait fr\u00f4l\u00e9 la catastrophe. Le pr\u00e9sident gabonais, qui n\u2019a pas encore oubli\u00e9 ces moments troubles, doit savoir \u00e0 quoi s\u2019en tenir avec son projet de nouveau bail. Il marche sur des \u0153ufs\u2026<\/p>\n<p style=\"text-align: right\"><strong> Kader Patrick KARANTAO <\/strong><\/p>\n<p>L\u2019article <a rel=\"nofollow\" href=\"https:\/\/www.sidwaya.info\/blog\/2022\/03\/14\/eternel-bongo\/\">Eternel Bongo !<\/a> est apparu en premier sur <a rel=\"nofollow\" href=\"https:\/\/www.sidwaya.info\/\">Quotidien Sidwaya<\/a>.<\/p>\n<\/div>\n<p>Auteur: JK. Sidwaya<br \/>\n<a href=\"https:\/\/www.sidwaya.info\/blog\/2022\/03\/14\/eternel-bongo\/?utm_source=rss&#038;utm_medium=rss&#038;utm_campaign=eternel-bongo\">Cliquez ici pour lire l&rsquo;article depuis sa source.<\/a><\/p>\n","protected":false},"excerpt":{"rendered":"<p>La nouvelle n\u2019est pas surprenante, tant on voyait le pr\u00e9sident gabonais venir. Ali Bongo, 63 ans, a annonc\u00e9, le samedi 12 mars 2022 \u00e0 Libreville, au cours d\u2019un meeting de c\u00e9l\u00e9bration du 54e anniversaire du Parti d\u00e9mocratique gabonais (PDG), son intention de briguer un 3e mandat. \u00ab Chers camarades, 2023 approche \u00e0 grands pas. Je [&hellip;]<\/p>\n","protected":false},"author":1816,"featured_media":0,"comment_status":"closed","ping_status":"closed","sticky":false,"template":"","format":"standard","meta":{"fifu_image_url":"","fifu_image_alt":"","footnotes":""},"categories":[73,81],"tags":[],"class_list":["post-143110","post","type-post","status-publish","format-standard","hentry","category-actualite","category-burkina-faso"],"_links":{"self":[{"href":"https:\/\/linitiative.ca\/International\/wp-json\/wp\/v2\/posts\/143110","targetHints":{"allow":["GET"]}}],"collection":[{"href":"https:\/\/linitiative.ca\/International\/wp-json\/wp\/v2\/posts"}],"about":[{"href":"https:\/\/linitiative.ca\/International\/wp-json\/wp\/v2\/types\/post"}],"author":[{"embeddable":true,"href":"https:\/\/linitiative.ca\/International\/wp-json\/wp\/v2\/users\/1816"}],"replies":[{"embeddable":true,"href":"https:\/\/linitiative.ca\/International\/wp-json\/wp\/v2\/comments?post=143110"}],"version-history":[{"count":0,"href":"https:\/\/linitiative.ca\/International\/wp-json\/wp\/v2\/posts\/143110\/revisions"}],"wp:attachment":[{"href":"https:\/\/linitiative.ca\/International\/wp-json\/wp\/v2\/media?parent=143110"}],"wp:term":[{"taxonomy":"category","embeddable":true,"href":"https:\/\/linitiative.ca\/International\/wp-json\/wp\/v2\/categories?post=143110"},{"taxonomy":"post_tag","embeddable":true,"href":"https:\/\/linitiative.ca\/International\/wp-json\/wp\/v2\/tags?post=143110"}],"curies":[{"name":"wp","href":"https:\/\/api.w.org\/{rel}","templated":true}]}}