{"id":14312,"date":"2019-02-14T14:18:05","date_gmt":"2019-02-14T19:18:05","guid":{"rendered":"https:\/\/linitiative.ca\/International\/plus-de-250-arbres-plantes-dans-un-lycee-a-abidjan-pour-lutter-contre-la-deforestation\/"},"modified":"2019-02-14T14:18:05","modified_gmt":"2019-02-14T19:18:05","slug":"plus-de-250-arbres-plantes-dans-un-lycee-a-abidjan-pour-lutter-contre-la-deforestation","status":"publish","type":"post","link":"https:\/\/linitiative.ca\/International\/plus-de-250-arbres-plantes-dans-un-lycee-a-abidjan-pour-lutter-contre-la-deforestation\/","title":{"rendered":"Plus de 250 arbres plant\u00e9s dans un lyc\u00e9e \u00e0 Abidjan pour lutter contre la d\u00e9forestation"},"content":{"rendered":"<div readability=\"32\">\n<p>Publi\u00e9 le 14.02.2019 \u00e0 20h18 par APA News<\/p>\n<\/div>\n<div readability=\"65\">\n<p>Plus de 250 arbres ont \u00e9t\u00e9 plant\u00e9s dans la cour du lyc\u00e9e des jeunes filles de Yopougon dans l\u2019ouest d\u2019Abidjan \u00e0 l\u2019initiative du m\u00e9canisme international d\u00e9nomm\u00e9 R\u00e9duction des \u00e9missions de gaz \u00e0 effet de serre issues de la d\u00e9forestation et de la d\u00e9gradation des for\u00eats (REDD+) et de l\u2019ONG \u00ab Global Garden\u00bb pour impliquer les jeunes dans la lutte contre la d\u00e9forestation en C\u00f4te d\u2019Ivoire.\u00ab Cette journ\u00e9e plac\u00e9e sous le parrainage de l\u2019ambassadeur du Lib\u00e9ria en C\u00f4te d\u2019Ivoire a permis de r\u00e9aliser un planting de plus de 250 arbres dans la cour de l\u2019\u00e9cole. Cette activit\u00e9 \u00e9ducative avait pour objectif de montrer aux \u00e9l\u00e8ves l\u2019importance de l\u2019arbre et le r\u00f4le de la for\u00eat afin d\u2019impliquer la jeunesse dans la lutte contre la d\u00e9forestation\u00bb, rapporte une note d\u2019information transmise jeudi \u00e0 APA.<\/p>\n<p>\u00a0\u00ab En faisant passer des messages sur la pr\u00e9servation de la for\u00eat de mani\u00e8re ludique et didactique, Mme Kadjo Alloua, charg\u00e9e de la mobilisation des parties prenantes au Secr\u00e9tariat ex\u00e9cutif du REDD+ et Mme Dja Marina, pr\u00e9sidente de l\u2019ONG \u00ab Global Garden\u00bb ont su stimuler l\u2019int\u00e9r\u00eat des \u00e9l\u00e8ves pour maintenir un environnement \u00e9quilibr\u00e9 et susciter aupr\u00e8s des jeunes filles de cet \u00e9tablissement scolaire l\u2019envie de s\u2019int\u00e9resser \u00e0 la pr\u00e9servation de la for\u00eat \u00bb, souligne la note.<\/p>\n<p>De son c\u00f4t\u00e9, Ti\u00e9moko Albertine, le proviseur de cet \u00e9tablissement scolaire a assur\u00e9 de son engagement \u00e0 faire de cette \u00e9cole \u00ab un lyc\u00e9e vert\u00bb. \u00a0\u00ab La s\u00e9ance a \u00e9t\u00e9 meubl\u00e9e par des communications sur les changements climatiques, l\u2019importance de la for\u00eat, le m\u00e9canisme REDD+ et des jeux de questions-r\u00e9ponses, des po\u00e8mes sur la for\u00eat, \u00a0des danses et des sketchs\u00bb, conclut le texte.<\/p>\n<p><ins data-revive-zoneid=\"9\" data-revive-id=\"10111e19d28d19d031742ee3b0b33eb0\"\/> <\/p>\n<p>\u00a0Le m\u00e9canisme international REDD+, n\u00e9 en 2005, est une approche d\u2019att\u00e9nuation des changements climatiques. La C\u00f4te d\u2019Ivoire a adh\u00e9r\u00e9 \u00e0 ce m\u00e9canisme international depuis 2011 en vue de contribuer aux efforts internationaux de lutte contre les changements climatiques et pour restaurer son couvert forestier qui est pass\u00e9 de 16 millions d\u2019hectares en 1960 \u00e0 3,4 millions d\u2019hectares en 2015.<\/p>\n<\/div>\n<p>Auteur: APA News<br \/>\n<a href=\"https:\/\/www.journalducameroun.com\/plus-de-250-arbres-plantes-dans-un-lycee-a-abidjan-pour-lutter-contre-la-deforestation\/\">Cliquez ici pour lire l&rsquo;article depuis sa source.<\/a><\/p>\n","protected":false},"excerpt":{"rendered":"<p>Publi\u00e9 le 14.02.2019 \u00e0 20h18 par APA News Plus de 250 arbres ont \u00e9t\u00e9 plant\u00e9s dans la cour du lyc\u00e9e des jeunes filles de Yopougon dans l\u2019ouest d\u2019Abidjan \u00e0 l\u2019initiative du m\u00e9canisme international d\u00e9nomm\u00e9 R\u00e9duction des \u00e9missions de gaz \u00e0 effet de serre issues de la d\u00e9forestation et de la d\u00e9gradation des for\u00eats (REDD+) et [&hellip;]<\/p>\n","protected":false},"author":1965,"featured_media":0,"comment_status":"closed","ping_status":"closed","sticky":false,"template":"","format":"standard","meta":{"fifu_image_url":"","fifu_image_alt":"","footnotes":""},"categories":[73,82],"tags":[],"class_list":["post-14312","post","type-post","status-publish","format-standard","hentry","category-actualite","category-cameroun"],"_links":{"self":[{"href":"https:\/\/linitiative.ca\/International\/wp-json\/wp\/v2\/posts\/14312","targetHints":{"allow":["GET"]}}],"collection":[{"href":"https:\/\/linitiative.ca\/International\/wp-json\/wp\/v2\/posts"}],"about":[{"href":"https:\/\/linitiative.ca\/International\/wp-json\/wp\/v2\/types\/post"}],"author":[{"embeddable":true,"href":"https:\/\/linitiative.ca\/International\/wp-json\/wp\/v2\/users\/1965"}],"replies":[{"embeddable":true,"href":"https:\/\/linitiative.ca\/International\/wp-json\/wp\/v2\/comments?post=14312"}],"version-history":[{"count":0,"href":"https:\/\/linitiative.ca\/International\/wp-json\/wp\/v2\/posts\/14312\/revisions"}],"wp:attachment":[{"href":"https:\/\/linitiative.ca\/International\/wp-json\/wp\/v2\/media?parent=14312"}],"wp:term":[{"taxonomy":"category","embeddable":true,"href":"https:\/\/linitiative.ca\/International\/wp-json\/wp\/v2\/categories?post=14312"},{"taxonomy":"post_tag","embeddable":true,"href":"https:\/\/linitiative.ca\/International\/wp-json\/wp\/v2\/tags?post=14312"}],"curies":[{"name":"wp","href":"https:\/\/api.w.org\/{rel}","templated":true}]}}