{"id":143121,"date":"2022-03-14T15:18:03","date_gmt":"2022-03-14T19:18:03","guid":{"rendered":"https:\/\/linitiative.ca\/International\/mozambique-le-cyclone-gombe-fait-au-moins-12-morts\/"},"modified":"2022-03-14T15:18:03","modified_gmt":"2022-03-14T19:18:03","slug":"mozambique-le-cyclone-gombe-fait-au-moins-12-morts","status":"publish","type":"post","link":"https:\/\/linitiative.ca\/International\/mozambique-le-cyclone-gombe-fait-au-moins-12-morts\/","title":{"rendered":"Mozambique : le cyclone Gombe fait au moins 12 morts"},"content":{"rendered":"<div>\n<p><img decoding=\"async\" width=\"1200\" height=\"675\" src=\"https:\/\/linitiative.ca\/International\/wp-content\/uploads\/sites\/23\/2022\/03\/16472854831419.jpg\" class=\"attachment-post-thumbnail size-post-thumbnail wp-post-image\" alt=\"\" loading=\"lazy\" srcset=\"https:\/\/linitiative.ca\/International\/wp-content\/uploads\/sites\/23\/2022\/03\/16472854831419.jpg 1200w, https:\/\/www.journalducameroun.com\/wp-content\/uploads\/2022\/03\/16472854831419-300x169.jpg 300w, https:\/\/www.journalducameroun.com\/wp-content\/uploads\/2022\/03\/16472854831419-1024x576.jpg 1024w, https:\/\/www.journalducameroun.com\/wp-content\/uploads\/2022\/03\/16472854831419-768x432.jpg 768w, https:\/\/www.journalducameroun.com\/wp-content\/uploads\/2022\/03\/16472854831419-780x440.jpg 780w, https:\/\/www.journalducameroun.com\/wp-content\/uploads\/2022\/03\/16472854831419-380x215.jpg 380w, https:\/\/www.journalducameroun.com\/wp-content\/uploads\/2022\/03\/16472854831419-160x90.jpg 160w, https:\/\/www.journalducameroun.com\/wp-content\/uploads\/2022\/03\/16472854831419-240x135.jpg 240w, https:\/\/www.journalducameroun.com\/wp-content\/uploads\/2022\/03\/16472854831419-782x440.jpg 782w, https:\/\/www.journalducameroun.com\/wp-content\/uploads\/2022\/03\/16472854831419-600x338.jpg 600w\" sizes=\"auto, (max-width: 1200px) 100vw, 1200px\"><\/p>\n<p>Les provinces de Nampula (Nord) et de Zamb\u00e9zie (Centre) ont \u00e9t\u00e9 balay\u00e9es ce week-end par des bourrasques de vent.\u00c0 un mois de la fin de la saison des cyclones en Afrique australe, Gombe a touch\u00e9 plus de 30.000 personnes au Mozambique. Outre les pertes en vies humaines, ce cyclone a caus\u00e9 la blessure de quarante individus et la destruction de plus de 3000 maisons.<\/p>\n<p>L&rsquo;Institut national de la gestion des risques li\u00e9s aux catastrophes (INGD), dans un communiqu\u00e9 publi\u00e9 dimanche, a pr\u00e9cis\u00e9 que \u00ab les d\u00e9c\u00e8s sont dus \u00e0 l&rsquo;effondrement de maisons et la chute d&rsquo;arbres \u00bb. En 2019, le cyclone Idai avait d\u00e9vast\u00e9 le Mozambique, le Malawi et le Zimbabwe avec environ mille morts.<\/p>\n<p>Cet article <a rel=\"nofollow\" href=\"https:\/\/www.journalducameroun.com\/mozambique-le-cyclone-gombe-fait-au-moins-12-morts\/\">Mozambique : le cyclone Gombe fait au moins 12 morts<\/a> est apparu en premier sur <a rel=\"nofollow\" href=\"https:\/\/www.journalducameroun.com\/\">Journal du Cameroun<\/a>.<\/p>\n<\/div>\n<p>Auteur: APA News<br \/>\n<a href=\"https:\/\/www.journalducameroun.com\/mozambique-le-cyclone-gombe-fait-au-moins-12-morts\/\">Cliquez ici pour lire l&rsquo;article depuis sa source.<\/a><\/p>\n","protected":false},"excerpt":{"rendered":"<p>Les provinces de Nampula (Nord) et de Zamb\u00e9zie (Centre) ont \u00e9t\u00e9 balay\u00e9es ce week-end par des bourrasques de vent.\u00c0 un mois de la fin de la saison des cyclones en Afrique australe, Gombe a touch\u00e9 plus de 30.000 personnes au Mozambique. Outre les pertes en vies humaines, ce cyclone a caus\u00e9 la blessure de quarante [&hellip;]<\/p>\n","protected":false},"author":1965,"featured_media":0,"comment_status":"closed","ping_status":"closed","sticky":false,"template":"","format":"standard","meta":{"fifu_image_url":"https:\/\/www.journalducameroun.com\/wp-content\/uploads\/2022\/03\/16472854831419.jpg","fifu_image_alt":"Mozambique : le cyclone Gombe fait au moins 12 morts","footnotes":""},"categories":[73,82],"tags":[],"class_list":["post-143121","post","type-post","status-publish","format-standard","hentry","category-actualite","category-cameroun"],"_links":{"self":[{"href":"https:\/\/linitiative.ca\/International\/wp-json\/wp\/v2\/posts\/143121","targetHints":{"allow":["GET"]}}],"collection":[{"href":"https:\/\/linitiative.ca\/International\/wp-json\/wp\/v2\/posts"}],"about":[{"href":"https:\/\/linitiative.ca\/International\/wp-json\/wp\/v2\/types\/post"}],"author":[{"embeddable":true,"href":"https:\/\/linitiative.ca\/International\/wp-json\/wp\/v2\/users\/1965"}],"replies":[{"embeddable":true,"href":"https:\/\/linitiative.ca\/International\/wp-json\/wp\/v2\/comments?post=143121"}],"version-history":[{"count":0,"href":"https:\/\/linitiative.ca\/International\/wp-json\/wp\/v2\/posts\/143121\/revisions"}],"wp:attachment":[{"href":"https:\/\/linitiative.ca\/International\/wp-json\/wp\/v2\/media?parent=143121"}],"wp:term":[{"taxonomy":"category","embeddable":true,"href":"https:\/\/linitiative.ca\/International\/wp-json\/wp\/v2\/categories?post=143121"},{"taxonomy":"post_tag","embeddable":true,"href":"https:\/\/linitiative.ca\/International\/wp-json\/wp\/v2\/tags?post=143121"}],"curies":[{"name":"wp","href":"https:\/\/api.w.org\/{rel}","templated":true}]}}