{"id":143123,"date":"2022-03-14T16:18:03","date_gmt":"2022-03-14T20:18:03","guid":{"rendered":"https:\/\/linitiative.ca\/International\/iata-air-zimbabwe-oeuvre-pour-son-retour-dici-juin\/"},"modified":"2022-03-14T16:18:03","modified_gmt":"2022-03-14T20:18:03","slug":"iata-air-zimbabwe-oeuvre-pour-son-retour-dici-juin","status":"publish","type":"post","link":"https:\/\/linitiative.ca\/International\/iata-air-zimbabwe-oeuvre-pour-son-retour-dici-juin\/","title":{"rendered":"IATA : Air Zimbabwe \u0153uvre pour son retour d\u2019ici juin"},"content":{"rendered":"<div>\n<p><img decoding=\"async\" width=\"1024\" height=\"699\" src=\"https:\/\/linitiative.ca\/International\/wp-content\/uploads\/sites\/23\/2022\/03\/16472890836754.jpg\" class=\"attachment-post-thumbnail size-post-thumbnail wp-post-image\" alt=\"\" loading=\"lazy\" srcset=\"https:\/\/linitiative.ca\/International\/wp-content\/uploads\/sites\/23\/2022\/03\/16472890836754.jpg 1024w, https:\/\/www.journalducameroun.com\/wp-content\/uploads\/2022\/03\/16472890836754-300x205.jpg 300w, https:\/\/www.journalducameroun.com\/wp-content\/uploads\/2022\/03\/16472890836754-768x524.jpg 768w, https:\/\/www.journalducameroun.com\/wp-content\/uploads\/2022\/03\/16472890836754-645x440.jpg 645w, https:\/\/www.journalducameroun.com\/wp-content\/uploads\/2022\/03\/16472890836754-600x410.jpg 600w\" sizes=\"auto, (max-width: 1024px) 100vw, 1024px\"><\/p>\n<p>Des efforts seront consentis afin de solder les arri\u00e9r\u00e9s de cotisation \u00e0 l&rsquo;Association du transport a\u00e9rien international (IATA).Air Zimbabwe met les bouch\u00e9es doubles. \u00ab Le processus est en cours pour r\u00e9int\u00e9grer IATA. Je pense que dans les trois prochains mois, nous devrions \u00eatre membre de la Chambre de compensation\u00a0\u00bb, a d\u00e9clar\u00e9 ce lundi Tafadzwa Zaza, le Directeur G\u00e9n\u00e9ral par int\u00e9rim de la compagnie a\u00e9rienne, dans le quotidien national Herald.<\/p>\n<p>La suspension d&rsquo;Air Zimbabwe par l&rsquo;Association du transport a\u00e9rien international (IATA) est intervenue il y a environ trois ans. La structure de coordination avait justifi\u00e9 sa d\u00e9cision par des probl\u00e8mes de s\u00e9curit\u00e9 et des retards de paiement de cotisations estim\u00e9es \u00e0 plus de 140 millions de dollars.<\/p>\n<p>Cet article <a rel=\"nofollow\" href=\"https:\/\/www.journalducameroun.com\/iata-air-zimbabwe-oeuvre-pour-son-retour-dici-juin\/\">IATA : Air Zimbabwe \u0153uvre pour son retour d\u2019ici juin<\/a> est apparu en premier sur <a rel=\"nofollow\" href=\"https:\/\/www.journalducameroun.com\/\">Journal du Cameroun<\/a>.<\/p>\n<\/div>\n<p>Auteur: APA News<br \/>\n<a href=\"https:\/\/www.journalducameroun.com\/iata-air-zimbabwe-oeuvre-pour-son-retour-dici-juin\/\">Cliquez ici pour lire l&rsquo;article depuis sa source.<\/a><\/p>\n","protected":false},"excerpt":{"rendered":"<p>Des efforts seront consentis afin de solder les arri\u00e9r\u00e9s de cotisation \u00e0 l&rsquo;Association du transport a\u00e9rien international (IATA).Air Zimbabwe met les bouch\u00e9es doubles. \u00ab Le processus est en cours pour r\u00e9int\u00e9grer IATA. Je pense que dans les trois prochains mois, nous devrions \u00eatre membre de la Chambre de compensation\u00a0\u00bb, a d\u00e9clar\u00e9 ce lundi Tafadzwa Zaza, [&hellip;]<\/p>\n","protected":false},"author":1965,"featured_media":0,"comment_status":"closed","ping_status":"closed","sticky":false,"template":"","format":"standard","meta":{"fifu_image_url":"https:\/\/www.journalducameroun.com\/wp-content\/uploads\/2022\/03\/16472890836754.jpg","fifu_image_alt":"IATA : Air Zimbabwe \u0153uvre pour son retour d\u2019ici juin","footnotes":""},"categories":[73,82],"tags":[],"class_list":["post-143123","post","type-post","status-publish","format-standard","hentry","category-actualite","category-cameroun"],"_links":{"self":[{"href":"https:\/\/linitiative.ca\/International\/wp-json\/wp\/v2\/posts\/143123","targetHints":{"allow":["GET"]}}],"collection":[{"href":"https:\/\/linitiative.ca\/International\/wp-json\/wp\/v2\/posts"}],"about":[{"href":"https:\/\/linitiative.ca\/International\/wp-json\/wp\/v2\/types\/post"}],"author":[{"embeddable":true,"href":"https:\/\/linitiative.ca\/International\/wp-json\/wp\/v2\/users\/1965"}],"replies":[{"embeddable":true,"href":"https:\/\/linitiative.ca\/International\/wp-json\/wp\/v2\/comments?post=143123"}],"version-history":[{"count":0,"href":"https:\/\/linitiative.ca\/International\/wp-json\/wp\/v2\/posts\/143123\/revisions"}],"wp:attachment":[{"href":"https:\/\/linitiative.ca\/International\/wp-json\/wp\/v2\/media?parent=143123"}],"wp:term":[{"taxonomy":"category","embeddable":true,"href":"https:\/\/linitiative.ca\/International\/wp-json\/wp\/v2\/categories?post=143123"},{"taxonomy":"post_tag","embeddable":true,"href":"https:\/\/linitiative.ca\/International\/wp-json\/wp\/v2\/tags?post=143123"}],"curies":[{"name":"wp","href":"https:\/\/api.w.org\/{rel}","templated":true}]}}