{"id":143125,"date":"2022-03-14T09:44:08","date_gmt":"2022-03-14T13:44:08","guid":{"rendered":"https:\/\/linitiative.ca\/International\/le-gouvernement-plafonne-a-1-150-mw-la-production-delectricite-par-eneo\/"},"modified":"2022-03-14T09:44:08","modified_gmt":"2022-03-14T13:44:08","slug":"le-gouvernement-plafonne-a-1-150-mw-la-production-delectricite-par-eneo","status":"publish","type":"post","link":"https:\/\/linitiative.ca\/International\/le-gouvernement-plafonne-a-1-150-mw-la-production-delectricite-par-eneo\/","title":{"rendered":"Le gouvernement\u00a0plafonne\u00a0\u00e0 1\u00a0150 MW la production d\u2019\u00e9lectricit\u00e9 par Eneo"},"content":{"rendered":"<div>\n<p>Selon des sources au sein d\u2019Eneo, le gouvernement camerounais a d\u00e9cid\u00e9 de plafonner les capacit\u00e9s de production d\u2019\u00e9lectricit\u00e9 de cette entreprise \u00e0 1 150 MW. Soit 150 MW de plus que les 1\u00a0000 MW convenus avec l\u2019Eta du Cameroun lors de la signature du contrat de concession sign\u00e9 en mai 2014 entre le gouvernement camerounais et le fonds d\u2019investissement britannique Actis. D\u00e8s fin 2021, les deux parties menaient d\u00e9j\u00e0 une r\u00e9flexion sur la possibilit\u00e9 de cr\u00e9er, au sein du concessionnaire de la production, de la distribution et de la commercialisation de l\u2019\u00e9nergie \u00e9lectrique au Cameroun,\u00a0d\u2019une entit\u00e9 essentiellement consacr\u00e9e \u00e0 la production. Bien avant l\u2019ann\u00e9e derni\u00e8re, dans son rapport annuel de 2019, Eneo avait m\u00eame acc\u00e9d\u00e9 \u00e0 cette nouvelle orientation en pensant au\u00a0\u00ab\u00a0d\u00e9groupage de la production en une filiale en propri\u00e9t\u00e9 exclusive d\u2019ici 2021\u00a0\u00bb. \u00a0 Pour prolonger les droits d\u2019Eneo avant la date du 18 juillet 2021 marquant la fin du contrat de concession, le gouvernement camerounais exigeait que cette entreprise s\u00e9pare ses activit\u00e9s de production et de distribution d\u2019\u00e9lectricit\u00e9. Cette mesure devrait permettre \u00e0 cette soci\u00e9t\u00e9 de \u00ab\u00a0concentrer ses efforts sur la distribution et la commercialisation de l\u2019\u00e9lectricit\u00e9\u00a0\u00bb.<\/p>\n<p><strong>Eneo-Genco<\/strong><\/p>\n<p>A Eneo, d\u00e9tenue par l\u2019investisseur britannique Actis \u00e0 51%, l\u2019on assure que \u00ab\u00a0l\u2019\u00e9tape des r\u00e9flexions est largement d\u00e9pass\u00e9e\u00a0\u00bb. En effet, selon des sources internes, la soci\u00e9t\u00e9 Eneo-Genco, qui a d\u00e9j\u00e0 \u00e9t\u00e9 cr\u00e9\u00e9e, sera charg\u00e9e de la production au sein du groupe. \u00ab\u00a0Nous avons termin\u00e9 avec toutes les formalit\u00e9s (administratives, comptables, juridiques, financiers). A ce niveau, la suite du processus ne d\u00e9pend plus de nous\u00a0\u00bb, soufflent plusieurs personnels commis \u00e0 la mise en forme de ce dossier en interne. Eneo pr\u00e9voit qu\u2019elle va d\u00e9penser \u00ab\u00a060 milliards de FCFA\u00a0\u00bb pour g\u00e9n\u00e9rer les 150 MW suppl\u00e9mentaires qu\u2019elle est autoris\u00e9e \u00e0 exploiter \u00e0 partir de petites centrales hydro\u00e9lectriques, de biomasse, de centrales solaires (y compris par hybridation avec des centrales thermiques existantes) et \u00e9oliennes.<\/p>\n<p><strong>Lire aussi : <a href=\"https:\/\/ecomatin.net\/eneo-mise-sur-les-energies-renouvelables-pour-resorber-r-le-deficit-energetique-dans-le-septentrion\/\">Eneo mise sur les \u00e9nergies renouvelables pour r\u00e9sorber le d\u00e9ficit \u00e9nerg\u00e9tique dans le septentrion\u00a0<\/a><\/strong><\/p>\n<p>Pour rappel, le 21 f\u00e9vrier 2022, le ministre de l\u2019Eau et de l\u2019Energie (Minee), Gaston Eloundou Essomba, d\u00e9clarait au cours d\u2019un forum sur les \u00e9nergies renouvelables organis\u00e9 par le haut-commissariat du Royaume-Uni de Grande Bretagne et d\u2019Irlande du Nord, \u00e0 Yaound\u00e9 que \u00ab\u00a0notre pays dispose actuellement d\u2019une capacit\u00e9 install\u00e9e de 1 600 MW, avec pour objectif de produire 6 000 MW d\u2019ici \u00e0 2035\u00a0\u00bb. De son c\u00f4t\u00e9, dans son rapport annuel 2020, Eneo \u00e9voque \u00ab\u00a0une capacit\u00e9 install\u00e9e de 1 529 MW \u00e0 travers le territoire\u00a0\u00bb. L\u2019entreprise se glorifie d\u2019y avoir contribu\u00e9 \u00e0 66%, soit 1 012 MW. Notamment avec les apports des centrales hydro\u00e9lectriques de\u00a0Song Loulou\u00a0(384 MW),\u00a0d\u2019Ed\u00e9a\u00a0(267 MW) et de Lagdo\u00a0(72 MW). Dans ce package, les centrales thermiques contribuent \u00e0 hauteur de 27% et le solaire n\u2019apporte que 0,04%.\u00a0<\/p>\n<p><strong>Lire aussi : <a href=\"https:\/\/ecomatin.net\/energie-electrique-apres-une-relative-stabilite-durant-t-la-can-eneo-annonce-le-retour-des-delestages-dans-le-septentrion\/\">Energie \u00e9lectrique\u00a0: apr\u00e8s une relative stabilit\u00e9 durant la CAN, Eneo annonce le retour des d\u00e9lestages dans le Septentrion<\/a><\/strong><\/p>\n<p>Selon les observateurs, les projets en cours de r\u00e9alisation vont imprimer une dynamique baissi\u00e8re \u00e0 ce pourcentage. L\u2019on \u00e9voque par exemple la centrale hydro\u00e9lectrique de Nachtigal, situ\u00e9e sur la Sanaga au niveau des chutes de\u00a0Nachtigal\u00a0Amont, \u00e0 65 km au Nord-Est de Yaound\u00e9, dans la r\u00e9gion du Centre. Les \u00e9tudes montrent que cette centrale, exploit\u00e9e par la Nachtigal Hydro Power Company (NHPC) va injecter 420 MW dans le r\u00e9seau \u00e9lectrique du Cameroun.<\/p>\n<p><strong>Lire aussi : <a href=\"https:\/\/ecomatin.net\/eneo-ameliore-de-18-son-offre-de-distribution-de-lenergie-a-la-veille-de-la-can-2021\/\">Eneo am\u00e9liore de 18% son offre de distribution de l\u2019\u00e9nergie \u00e0 la veille de la CAN 2021<\/a><\/strong><\/p>\n<p>L\u2019article <a rel=\"nofollow\" href=\"https:\/\/ecomatin.net\/le-gouvernement-plafonne-a-1-150-mw-la-production-delectricite-par-eneo\/\">Le gouvernement\u00a0plafonne\u00a0\u00e0 1\u00a0150 MW la production d\u2019\u00e9lectricit\u00e9 par Eneo<\/a> est apparu en premier sur <a rel=\"nofollow\" href=\"https:\/\/ecomatin.net\/\">EcoMatin<\/a>.<\/p>\n<\/div>\n<p>Auteur: Bernard Bangda<br \/>\n<a href=\"https:\/\/ecomatin.net\/le-gouvernement-plafonne-a-1-150-mw-la-production-delectricite-par-eneo\/\">Cliquez ici pour lire l&rsquo;article depuis sa source.<\/a><\/p>\n","protected":false},"excerpt":{"rendered":"<p>Selon des sources au sein d\u2019Eneo, le gouvernement camerounais a d\u00e9cid\u00e9 de plafonner les capacit\u00e9s de production d\u2019\u00e9lectricit\u00e9 de cette entreprise \u00e0 1 150 MW. Soit 150 MW de plus que les 1\u00a0000 MW convenus avec l\u2019Eta du Cameroun lors de la signature du contrat de concession sign\u00e9 en mai 2014 entre le gouvernement camerounais [&hellip;]<\/p>\n","protected":false},"author":1969,"featured_media":0,"comment_status":"closed","ping_status":"closed","sticky":false,"template":"","format":"standard","meta":{"fifu_image_url":"","fifu_image_alt":"","footnotes":""},"categories":[82,78],"tags":[],"class_list":["post-143125","post","type-post","status-publish","format-standard","hentry","category-cameroun","category-economie"],"_links":{"self":[{"href":"https:\/\/linitiative.ca\/International\/wp-json\/wp\/v2\/posts\/143125","targetHints":{"allow":["GET"]}}],"collection":[{"href":"https:\/\/linitiative.ca\/International\/wp-json\/wp\/v2\/posts"}],"about":[{"href":"https:\/\/linitiative.ca\/International\/wp-json\/wp\/v2\/types\/post"}],"author":[{"embeddable":true,"href":"https:\/\/linitiative.ca\/International\/wp-json\/wp\/v2\/users\/1969"}],"replies":[{"embeddable":true,"href":"https:\/\/linitiative.ca\/International\/wp-json\/wp\/v2\/comments?post=143125"}],"version-history":[{"count":0,"href":"https:\/\/linitiative.ca\/International\/wp-json\/wp\/v2\/posts\/143125\/revisions"}],"wp:attachment":[{"href":"https:\/\/linitiative.ca\/International\/wp-json\/wp\/v2\/media?parent=143125"}],"wp:term":[{"taxonomy":"category","embeddable":true,"href":"https:\/\/linitiative.ca\/International\/wp-json\/wp\/v2\/categories?post=143125"},{"taxonomy":"post_tag","embeddable":true,"href":"https:\/\/linitiative.ca\/International\/wp-json\/wp\/v2\/tags?post=143125"}],"curies":[{"name":"wp","href":"https:\/\/api.w.org\/{rel}","templated":true}]}}