{"id":143128,"date":"2022-03-14T11:25:34","date_gmt":"2022-03-14T15:25:34","guid":{"rendered":"https:\/\/linitiative.ca\/International\/presidence-de-la-bdeac-la-bataille-des-favoris\/"},"modified":"2022-03-14T11:25:34","modified_gmt":"2022-03-14T15:25:34","slug":"presidence-de-la-bdeac-la-bataille-des-favoris","status":"publish","type":"post","link":"https:\/\/linitiative.ca\/International\/presidence-de-la-bdeac-la-bataille-des-favoris\/","title":{"rendered":"Pr\u00e9sidence de la Bdeac : la bataille des favoris\u00a0"},"content":{"rendered":"<div>\n<div class=\"wp-block-image\">\n<figure class=\"alignleft size-full is-resized\"><img loading=\"lazy\" decoding=\"async\" src=\"https:\/\/linitiative.ca\/International\/wp-content\/uploads\/sites\/23\/2022\/03\/WhatsApp-Image-2022-03-14-at-16.08.23-1.jpeg\" alt=\"\" class=\"wp-image-38975\" width=\"256\" height=\"226\"><\/figure>\n<\/div>\n<p class=\"has-text-align-center\"><strong>Dieudonn\u00e9 Mevou Ekou, le favori<\/strong><\/p>\n<p>Si le nouveau pr\u00e9sident de la Bdeac devait gagner sa place \u00e0 l\u2019issue d\u2019une course hippique, le cheval sur lequel tout parieur avertit devrait placer sa mise serait celui de Dieudonn\u00e9 Mevou Ekou. Le neveu du Pr\u00e9sident de la R\u00e9publique (ce qui est un atout \u00e0 ne pas n\u00e9gliger) a le profil de l\u2019emploi. A 61 ans cet administrateur civil sorti de l\u2019\u00c9cole Nationale d\u2019Administration et de Magistrature(Enam) en 1987 est l\u2019actuel vice-gouverneur de la Banque des Etats de l\u2019Afrique centrale(Beac). Il occupe le poste depuis juillet 2017 et son mandat devrait logiquement s\u2019achever cette ann\u00e9e (2022). Un fait de circonstance qui fait de ce technocrate rompu \u00e0 la t\u00e2che un pr\u00e9tendant s\u00e9rieux au poste de pr\u00e9sident de la Bdeac. D\u2019ailleurs il conna\u00eet tr\u00e8s bien cette institution puisqu\u2019il est \u00e0 ce jour le repr\u00e9sentant de la Beac au sein de son conseil d\u2019administration. Avec\u00a033,43% des parts du capital, l\u2019institut d\u2019\u00e9mission mon\u00e9taire d\u00e9tient le plus gros volume de parts au sein de la banque de d\u00e9veloppement.<\/p>\n<p><strong>Lire aussi : <a href=\"https:\/\/ecomatin.net\/marche-financier-la-bdeac-fait-coter-114-millions-de-titres-obligataires-a-la-bvmac23\/\">March\u00e9 financier : la Bdeac fait coter 11,4 millions de titres obligataires \u00e0 la Bvmac<\/a><\/strong><\/p>\n<p>Dans son entourage, Dieudonn\u00e9 Mevou Ekou ne cache pas son ambition de diriger l\u2019institution financi\u00e8re sous r\u00e9gionale. Osons le dire\u00a0: son pedigree et sa proximit\u00e9 avec le chef de l\u2019Etat jouent en sa faveur. Apr\u00e8s sa sortie de l\u2019Enam,\u00a0Dieudonn\u00e9 Evou Mekou a suivi une formation en management des risques bancaires au Centre d\u2019\u00e9tudes financi\u00e8res \u00e9conomiques et bancaires de l\u2019Agence fran\u00e7aise d\u00e9veloppement (AFD) \u00e0 Marseille en France. Sa carri\u00e8re professionnelle d\u00e9marre \u00e0 l\u2019ex-minist\u00e8re du D\u00e9veloppement industriel et commercial. Il a par la suite exerc\u00e9, de 1991 \u00e0 2000, entre autres au secr\u00e9tariat g\u00e9n\u00e9ral des services du Premier ministre, au sein de la division des affaires \u00e9conomiques, techniques et financi\u00e8res comme attach\u00e9, puis comme charg\u00e9 de mission, au sein de la division des affaires \u00e9conomiques et financi\u00e8res du suivi des activit\u00e9s du minist\u00e8re du Tourisme, du minist\u00e8re du D\u00e9veloppement industriel, ainsi que du minist\u00e8re de l\u2019Economie et des Finances. En 2000, Dieudonn\u00e9 Evou Mekou est nomm\u00e9 administrateur directeur g\u00e9n\u00e9ral adjoint du Cr\u00e9dit Lyonnais Cameroun. En 2005, il est nomm\u00e9 Directeur G\u00e9n\u00e9ral de la caisse autonome d\u2019amortissement(CAA), poste qu\u2019il occupera jusqu\u2019\u00e0 2016 avant de de rejoindre la Banque centrale.\u00a0En 2017, il aurait pu prendre la pr\u00e9sidence de la Bdeac si le Cameroun avait obtenu le poste qui finalement fut attribu\u00e9 \u00e0 la Guin\u00e9e Equatoriale.\u00a0 Aujourd\u2019hui\u00a0Paul Biya va-t-il r\u00e9it\u00e9rer sa confiance \u00e0 son neveu ? Les voyants sont certes au verts, mais l\u2019octog\u00e9naire comme \u00e0 son habitude est le seul ma\u00eetre du temps.<\/p>\n<div class=\"wp-block-image\">\n<figure class=\"alignright size-full is-resized\"><img loading=\"lazy\" decoding=\"async\" src=\"https:\/\/linitiative.ca\/International\/wp-content\/uploads\/sites\/23\/2022\/03\/WhatsApp-Image-2022-03-14-at-16.09.01.jpeg\" alt=\"\" class=\"wp-image-38976\" width=\"307\" height=\"246\"><\/figure>\n<\/div>\n<p class=\"has-text-align-center\"><strong>Eug\u00e8ne Blaise Nsom, le joker<\/strong><\/p>\n<p id=\"h-les-echanges-epistolaires-ne-se-sont-pas-faits-discrets-violant-au-passage-les-usages-diplomatiques-en-pareilles-circonstances-entre-le-ministre-camerounais-des-finances-et-le-gouverneur-de-la-banque-des-etats-de-l-afrique-centrale-beac-c-etait-a-qui-gagnerait-le-bras-de-fer-engage-autour-du-maintien-ou-non-du-directeur-national-de-l-institution-bancaire-au-cameroun\">Les \u00e9changes \u00e9pistolaires ne se sont pas faits discrets. Violant au passage les usages diplomatiques en pareilles circonstances. Entre le ministre camerounais des Finances et le gouverneur de la Banque des Etats de l\u2019Afrique centrale (BEAC), c\u2019\u00e9tait \u00e0 qui gagnerait le bras de fer engag\u00e9 autour du maintien ou non du directeur national de l\u2019institution bancaire au Cameroun.<\/p>\n<p id=\"h-pendant-que-le-tchadien-abbas-mahamat-tolli-excipait-de-l-age-de-depart-a-la-retraite-d-eugene-blaise-nsom-pour-le-demettre-de-ses-fonctions-louis-paul-motaze-fustigeait-le-caractere-unilateral-de-la-decision-du-gouverneur-de-la-beac-hors-des-usages-pour-les-fonctions-de-ce-rang-par-ailleurs-le-minfi-mettait-en-avant-les-qualites-professionnelles-et-humaines-du-concerne-tout-autant-que-sa-collaboration-et-ses-contributions-a-l-elaboration-des-reformes-des-finances-publiques-notamment-dans-le-cadres-des-programmes-economiques-et-financiers-menes-avec-le-fonds-monetaire-international-fmi-mieux-encore-au-sujet-de-la-diatribe-qui-avait-decoule-de-ce-quiproquo-plusieurs-analystes-predisaient-que-cette-situation-conflictuelle-pourrait-entrainer-des-rebondissements\">Pendant que le Tchadien Abbas Mahamat Tolli excipait de l\u2019\u00e2ge de d\u00e9part \u00e0 la retraite d\u2019Eug\u00e8ne Blaise Nsom pour le d\u00e9mettre de ses fonctions, Louis Paul Motaze fustigeait le caract\u00e8re \u00ab\u00a0unilat\u00e9ral\u00a0\u00bb de la d\u00e9cision du gouverneur de la BEAC, \u00ab\u00a0hors des usages\u00a0pour les fonctions de ce rang \u00bb. Par ailleurs, le Minfi mettait en avant \u00ab\u00a0les qualit\u00e9s professionnelles et humaines\u00a0\u00bb du concern\u00e9 tout autant que \u00ab sa collaboration et ses contributions \u00bb \u00e0 l\u2019\u00e9laboration des r\u00e9formes des finances publiques notamment dans le cadres des programmes \u00e9conomiques et financiers men\u00e9s avec le Fonds mon\u00e9taire international (FMI).\u00a0Mieux encore, au sujet de la diatribe qui avait d\u00e9coul\u00e9 de ce quiproquo, plusieurs analystes pr\u00e9disaient que cette situation \u00ab conflictuelle \u00bb pourrait entrainer des rebondissements.<\/p>\n<p><strong>Lire aussi : <a href=\"https:\/\/ecomatin.net\/les-investisseurs-camerounais-injectent-405-milliards-dans-lemprunt-obligataire-bdeac-2021-2028\/\">Les investisseurs camerounais injectent 40,5 milliards dans l\u2019emprunt obligataire BDEAC 2021-2028<\/a><\/strong><\/p>\n<p id=\"h-meme-si-finalement-tout-etait-rentre-dans-l-ordre-et-le-1er-fevrier-2022-eugene-balise-nsom-avait-ete-retabli-dans-ses-fonctions-pour-une-periode-de-six-mois-l-on-se-demande-si-le-tout-premier-directeur-general-du-tresor-et-de-la-cooperation-financiere-et-monetaire-au-minfi-n-est-pas-en-transit-dans-ce-fauteuil-l-acharnement-pour-le-maintenir-en-fonction-donc-au-contact-des-institutions-monetaires-et-financieres-de-la-sous-region-meme-pour-une-courte-periode-sorte-de-gentlemen-agreement-peut-cacher-une-volonte-des-autorites-camerounaises-de-presenter-le-moment-venu-la-candidature-de-l-ancien-directeur-de-l-audit-a-la-beac-au-poste-de-president-de-la-bdeac\">M\u00eame si finalement, tout \u00e9tait rentr\u00e9 dans l\u2019ordre et le 1er f\u00e9vrier 2022, Eug\u00e8ne Balise Nsom avait \u00e9t\u00e9 r\u00e9tabli dans ses fonctions pour \u00ab\u00a0une p\u00e9riode de six mois\u00a0\u00bb, l\u2019on se demande si le tout premier directeur g\u00e9n\u00e9ral du Tr\u00e9sor et de la Coop\u00e9ration financi\u00e8re et mon\u00e9taire au Minfi n\u2019est pas en transit dans ce fauteuil. L\u2019acharnement pour le maintenir en fonction, donc au contact des institutions mon\u00e9taires et financi\u00e8res de la sous-r\u00e9gion, m\u00eame pour une courte p\u00e9riode, sorte de gentlemen agreement, peut cacher une volont\u00e9 des autorit\u00e9s camerounaises de pr\u00e9senter, le moment venu, la candidature de l\u2019ancien directeur de l\u2019audit \u00e0 la BEAC au poste de pr\u00e9sident de la BDEAC.<\/p>\n<p>Ce soutien suppos\u00e9, ou r\u00e9el, se fonde sur le fait que le concern\u00e9 est reconnu comme \u00ab\u00a0discret, travailleur et tr\u00e8s connu des milieux financiers\u00a0\u00bb. En plus de sa solide formation. En effet, apr\u00e8s sa sortie de l\u2019Ecole nationale d\u2019administration et de magistrature (Enam) en 1997 avec un dipl\u00f4me d\u2019administrateur civil, M. Nsom va s\u2019exiler \u00e0 l\u2019universit\u00e9 de Poitiers en France o\u00f9 il a obtenu un dipl\u00f4me d\u2019\u00e9tude approfondie (DEA) en analyse mon\u00e9taire et financi\u00e8re.\u00a0Un parcours qui pourrait lui ouvrir les portes de la BDEAC. Et qui a \u00e9t\u00e9 reconnu par le gouverneur de la BEAC qui, pour remplacer Blaise Eug\u00e8ne Nsom, n\u00e9 le 27 f\u00e9vrier 1969, il aura fallu deux de ses anciens collaborateurs, Achille Zogo Nkada, son 1er\u00a0adjoint charg\u00e9 du p\u00f4le \u00e9tudes et contr\u00f4le bancaire, et Emmanuel Asafor Cho, son 2\u00e8me\u00a0adjoint en charge de l\u2019exploitation.<\/p>\n<div class=\"wp-block-image\">\n<figure class=\"alignleft size-full is-resized\"><img loading=\"lazy\" decoding=\"async\" src=\"https:\/\/linitiative.ca\/International\/wp-content\/uploads\/sites\/23\/2022\/03\/WhatsApp-Image-2022-03-14-at-16.08.25.jpeg\" alt=\"\" class=\"wp-image-38977\" width=\"266\" height=\"266\" srcset=\"https:\/\/linitiative.ca\/International\/wp-content\/uploads\/sites\/23\/2022\/03\/WhatsApp-Image-2022-03-14-at-16.08.25.jpeg 390w, https:\/\/ecomatin.net\/wp-content\/uploads\/2022\/03\/WhatsApp-Image-2022-03-14-at-16.08.25-300x300.jpeg 300w, https:\/\/ecomatin.net\/wp-content\/uploads\/2022\/03\/WhatsApp-Image-2022-03-14-at-16.08.25-150x150.jpeg 150w\" sizes=\"auto, (max-width: 266px) 100vw, 266px\"><\/figure>\n<\/div>\n<p class=\"has-text-align-center\"><strong>Constant Amvela Metou\u2019ou, le choix de l\u2019efficacit\u00e9<\/strong><\/p>\n<p>Discret. Effac\u00e9. D\u2019autres diront \u00ab\u00a0efficace\u00a0\u00bb. Des qualificatifs qui, selon plusieurs sources au minist\u00e8re des Finances (Minfi), vont \u00e0 Constant Amvela Metou\u2019ou comme un gant. Le conseiller technique n\u00b01 (CT1, il a \u00e9t\u00e9 nomm\u00e9 \u00e0 ce poste par d\u00e9cret du Premier ministre le 18 septembre 2018, ndlr) au minist\u00e8re des Finances (Minfi) y est reconnu comme \u00ab\u00a0un homme de l\u2019ombre qui \u00e9vite [presque] les lambris dor\u00e9s du pouvoir\u00a0\u00bb. Pourtant, celui de Yaound\u00e9 lui doit beaucoup au plan financier et \u00e9conomique.<\/p>\n<p>D\u2019abord comme garant des int\u00e9r\u00eats du Cameroun au sein du conseil d\u2019administration de la Banque internationale du Cameroun pour l\u2019\u00e9pargne et le cr\u00e9dit (Bicec). Au sein des 9 qui composent cette instance pr\u00e9sid\u00e9e par l\u2019ancien secr\u00e9taire d\u2019Etat en charge de la Gendarmerie, Jean Baptiste Bokam, il veille sur les 45% du capital de cette banque d\u00e9tenus par l\u2019Etat du Cameroun aux c\u00f4t\u00e9s du Groupe marocain Banque centrale populaire (BCP), pr\u00e9sent dans 18 pays africains, qui est devenu actionnaire majoritaire de la Bicec depuis 2020.<\/p>\n<p><strong>Lire aussi : <a href=\"https:\/\/ecomatin.net\/emprunt-obligataire-la-bdeac-cloture-son-operation-avec-un-taux-de-souscription-de-115\/\">Emprunt obligataire : la Bdeac cl\u00f4ture son op\u00e9ration avec un taux de souscription de 115 %<\/a><\/strong><\/p>\n<p>Alors que rien ne le pr\u00e9disposait \u00e0 exceller dans ce secteur, cet administrateur civil de formation a su se fondre dans le moule des finances. Aid\u00e9 en cela certainement par le r\u00e9sum\u00e9 fait de Constant Amvela Metou\u2019ou dans la br\u00e8ve biographie que nous avons retrouv\u00e9\u00a0: \u00ab\u00a0Un administrateur civil ayant effectu\u00e9 l\u2019essentiel de sa carri\u00e8re au Minfi\u00a0\u00bb. Une long\u00e9vit\u00e9 au terme de laquelle il a acquis une exp\u00e9rience et une expertise qui ont fini par faire de lui le \u00ab\u00a0principal interlocuteur \u00bb pour le compte du Cameroun dans les dossiers qui concernent les n\u00e9gociations entre notre pays et les bailleurs de fonds internationaux. A ce titre, il suit de bout en bout les r\u00e9centes n\u00e9gociations avec le Fonds mon\u00e9taire international (FMI) au terme desquelles le Cameroun d\u00e9croche un nouveau programme \u00e9conomique et financier.<\/p>\n<p>A l\u2019heure des tractations pour la succession de l\u2019Equato-guin\u00e9en Fortunato-Ofa Mbo Nchama \u00e0 la pr\u00e9sidence de la Banque de d\u00e9veloppement des Etats de l\u2019Afrique centrale (Bdeac), Constant Amvela Metou\u2019ou peut constituer un atout pour le Cameroun \u00e0 qui va \u00e9choir, au nom du principe de la rotation, le fauteuil le 16 mars 2022. Cinq ans apr\u00e8s la prise en mains de l\u2019institution de financement du d\u00e9veloppement en Afrique centrale par la Guin\u00e9e \u00e9quatoriale.<\/p>\n<div class=\"wp-block-image\">\n<figure class=\"alignright size-full is-resized\"><img loading=\"lazy\" decoding=\"async\" src=\"https:\/\/linitiative.ca\/International\/wp-content\/uploads\/sites\/23\/2022\/03\/Samuel-tella.jpeg\" alt=\"\" class=\"wp-image-38982\" width=\"274\" height=\"243\" srcset=\"https:\/\/linitiative.ca\/International\/wp-content\/uploads\/sites\/23\/2022\/03\/Samuel-tella.jpeg 433w, https:\/\/ecomatin.net\/wp-content\/uploads\/2022\/03\/Samuel-tella-300x266.jpeg 300w\" sizes=\"auto, (max-width: 274px) 100vw, 274px\"><\/figure>\n<\/div>\n<p class=\"has-text-align-center\"><strong>Samuel Tela, l\u2019architecte<\/strong><\/p>\n<p>Si le pr\u00e9sident de la R\u00e9publique, Paul Biya, d\u00e9cide d\u2019organiser un vote pour \u00e9lire le repr\u00e9sentant Camerounais qui sera port\u00e9 \u00e0 la t\u00eate de la Banque de d\u00e9veloppement des Etats d\u2019Afrique centrale, conform\u00e9ment au syst\u00e8me de mandat rotatif institu\u00e9 par les Etats-membres \u00a0de cette institution financi\u00e8re internationale, le nom de Samuel Tela ne figurerait certainement pas \u00a0parmi les choix les plus pr\u00e9gnants. Le discret directeur de la Tr\u00e9sorerie \u00e0 la Direction g\u00e9n\u00e9rale du Tr\u00e9sor et de la coop\u00e9ration financi\u00e8re et mon\u00e9taire n\u2019est pas un habitu\u00e9 des feux de projecteurs. Seuls ceux qui ont scrut\u00e9 avec attention les derni\u00e8res op\u00e9rations faites par le Cameroun sur les march\u00e9s financiers nationaux et internationaux savent quel r\u00f4le il a jou\u00e9 dans la r\u00e9ussite de ces derni\u00e8res.<\/p>\n<p><strong>Lire aussi : <a href=\"https:\/\/ecomatin.net\/fortunato-ofa-nchama-prolonge-le-delai-de-souscription-de-lemprunt-bdeac\/\">Fortunato-Ofa Nchama prolonge le d\u00e9lai de souscription de l\u2019emprunt BDEAC<\/a><\/strong><\/p>\n<p>En 2021, dans le cadre de la deuxi\u00e8me incursion du Cameroun dans les march\u00e9s financiers internationaux (Eurobond) pour la lev\u00e9e de 450 milliards de Fcfa, \u00a0\u00a0on le pr\u00e9sentait d\u00e9j\u00e0 comme le bras op\u00e9rationnel du ministre des Finances Louis Paul Motaze dans la conduite de cette op\u00e9ration. Il \u00e9tait d\u2019ailleurs le coordinateur du secr\u00e9tariat technique de l\u2019Eurobond 2021. \u00abEntre rencontres avec les interm\u00e9diaires, discussions sur les modalit\u00e9s de l\u2019emprunt, d\u00e9finition du calendrier\u2026 Il suit de tr\u00e8s pr\u00e8s ce dossier, sous le regard de son Directeur G\u00e9n\u00e9ral, Moh Tanghongo Sylvester. Son expertise et sa bonne connaissance des march\u00e9s financiers pourront sans doute aider le pays \u00e0 r\u00e9ussir son op\u00e9ration dans les conditions qu\u2019il souhaite \u00bb, r\u00e9v\u00e9lait votre journal. Ladite op\u00e9ration s\u2019est sold\u00e9e par un succ\u00e8s retentissant. L\u2019\u00e9quipe commise \u00e0 cette t\u00e2che a permis au Cameroun de refinancer son Eurobond \u00e9mis en 2015, dont le remboursement devait s\u2019\u00e9tendre de 2023 \u00e0 2025.<\/p>\n<div class=\"wp-block-image\">\n<figure class=\"alignright size-full is-resized\"><img loading=\"lazy\" decoding=\"async\" src=\"https:\/\/linitiative.ca\/International\/wp-content\/uploads\/sites\/23\/2022\/03\/WhatsApp-Image-2022-03-14-at-16.08.22.jpeg\" alt=\"\" class=\"wp-image-38979\" width=\"326\" height=\"216\" srcset=\"https:\/\/linitiative.ca\/International\/wp-content\/uploads\/sites\/23\/2022\/03\/WhatsApp-Image-2022-03-14-at-16.08.22.jpeg 450w, https:\/\/ecomatin.net\/wp-content\/uploads\/2022\/03\/WhatsApp-Image-2022-03-14-at-16.08.22-300x200.jpeg 300w\" sizes=\"auto, (max-width: 326px) 100vw, 326px\"><\/figure>\n<\/div>\n<p class=\"has-text-align-center\"><strong>Boubakary Yerima Halilou, le technocrate<\/strong><\/p>\n<p>Halilou Y\u00e9rima Boubakary est un technocrate habitu\u00e9 du secteur bancaire. Il occupait jusqu\u2019\u00e0 tout r\u00e9cemment le poste de Secr\u00e9taire g\u00e9n\u00e9ral de la Commission bancaire d\u2019Afrique centrale(Cobac)\u00a0avant d\u2019\u00eatre remplac\u00e9 le 24 f\u00e9vrier dernier par le centrafricain Maurice Christian Ouanzin.\u00a0Durant son mandat depuis 2015, l\u2019ancien ministre de l\u2019Urbanisme et de l\u2019Habitat du Cameroun (mars 2000-ao\u00fbt 2002) a conduit ou initi\u00e9 d\u2019importantes r\u00e9formes au sein de l\u2019organe de r\u00e9gulation du secteur bancaire. Parmi ces r\u00e9formes, l\u2019on peut citer la d\u00e9finition en cours des normes prudentielles applicables aux \u00e9tablissements de paiement en mati\u00e8re d\u2019\u00e9mission de monnaie \u00e9lectronique. Ce texte vise \u00e0 s\u2019ajuster au regard de la mont\u00e9e fulgurante du Mobile Money dans les pays de la Cemac.<\/p>\n<p><strong>Lire aussi : <a href=\"https:\/\/ecomatin.net\/la-bdeac-lance-un-nouvel-emprunt-obligataire-de-100-milliards-de-f\/\">La Bdeac lance un nouvel emprunt obligataire de 100 milliards de F<\/a><\/strong><\/p>\n<p>L\u2019on peut \u00e9galement mentionner le nouveau cadre juridique r\u00e9gissant l\u2019activit\u00e9 de microfinance dans la zone Cemac, qui \u00e9tait jusque-l\u00e0 caract\u00e9ris\u00e9e par une gestion pour le moins chaotique, au regard du nombre d\u2019\u00e9tablissements ayant ferm\u00e9 ces derni\u00e8res ann\u00e9es, pour cause d\u2019\u00e9carts manag\u00e9riaux.\u00a0Son\u00a0profil\u00a0sied donc au poste de Pr\u00e9sident de la Banque r\u00e9gionale d\u2019investissement Pour ce technocrate de haut\u00a0vol,\u00a0rebondir\u00a0\u00e0 la Bdeac serait presque la cons\u00e9cration d\u2019un parcours atypique. Avant son entr\u00e9e au gouvernement, il a occup\u00e9 le poste de\u00a0directeur\u00a0g\u00e9n\u00e9ral\u00a0adjoint\u00a0de l\u2019ex Soci\u00e9t\u00e9 commerciale de Banque Cr\u00e9dit lyonnais Cameroun (SCB-CLC)\u00a0devenue aujourd\u2019hui SCB Cameroun et d\u00e9tenu majoritairement par le marrocain Attijariwafa Bank. Calme, discret, rigoureux, l\u00e9galiste, cet originaire de\u00a0la r\u00e9gion de l\u2019extr\u00eame Nord du Cameroun pourrait bien \u00eatre le choix du pr\u00e9sident de la R\u00e9publique\u00a0pour pr\u00e9sider aux\u00a0destin\u00e9es\u00a0de la Bdeac au cours des 5 prochaines ann\u00e9es.\u00a0<\/p>\n<div class=\"wp-block-image\">\n<figure class=\"alignleft size-full is-resized\"><img loading=\"lazy\" decoding=\"async\" src=\"https:\/\/linitiative.ca\/International\/wp-content\/uploads\/sites\/23\/2022\/03\/Jean-claude.jpeg\" alt=\"\" class=\"wp-image-38981\" width=\"257\" height=\"244\" srcset=\"https:\/\/linitiative.ca\/International\/wp-content\/uploads\/sites\/23\/2022\/03\/Jean-claude.jpeg 408w, https:\/\/ecomatin.net\/wp-content\/uploads\/2022\/03\/Jean-claude-300x285.jpeg 300w\" sizes=\"auto, (max-width: 257px) 100vw, 257px\"><\/figure>\n<\/div>\n<p><strong>Jean Claude Ngbwa, la force de l\u2019exp\u00e9rience<\/strong><\/p>\n<p>Le candidat id\u00e9al \u00e0 la pr\u00e9sidence de la Banque de D\u00e9veloppement des Etats de l\u2019Afrique centrale (Bdeac) doit \u00eatre un expert rompu aux questions de finance, d\u2019affaires \u00e9conomiques et de financement du d\u00e9veloppement. Au-del\u00e0 de ces comp\u00e9tences g\u00e9n\u00e9riques, il doit \u00e9galement jouir d\u2019une exp\u00e9rience cons\u00e9quente, emmagasin\u00e9e tout au long d\u2019un parcours qui frise l\u2019excellence. Cette derni\u00e8re qualit\u00e9 n\u2019est pas une comp\u00e9tence clairement d\u00e9finie dans les crit\u00e8res \u00e9num\u00e9r\u00e9s par la Bdeac pour pr\u00e9tendre au poste de responsabilit\u00e9 sus-\u00e9voqu\u00e9. Toutefois, elle repr\u00e9sente un atout capital dans l\u2019atteinte de cet objectif.<\/p>\n<p>S\u2019il y a un homme qui cristallise en lui toutes ces qualit\u00e9s, c\u2019est Jean Claude Ngbwa. Du haut de ses comp\u00e9tences av\u00e9r\u00e9es dans divers domaines tels que la finance et les assurances, l\u2019ancien directeur de la Bourse des valeurs mobili\u00e8res de l\u2019Afrique centrale (Bvmac), fait partie de l\u2019\u00e9lite africaine\u00a0 dans les diff\u00e9rents domaines sus-cit\u00e9s. Avant sa nomination \u00e0 la t\u00eate de l\u2019unique march\u00e9 boursier de la sous-r\u00e9gion, il a \u00e9t\u00e9\u00a0 le pr\u00e9sident de la Commission camerounaise des march\u00e9s financiers (CMF) entre 2016 et 2019. Auparavant, il a occup\u00e9 pendant une dizaine d\u2019ann\u00e9es, les fonctions de secr\u00e9taire g\u00e9n\u00e9ral de la Conf\u00e9rence interafricaine des march\u00e9s d\u2019assurance (CIMA), le gendarme du secteur des assurances en Afrique centrale et de l\u2019Ouest, dont le si\u00e8ge est \u00e0 Libreville, au Gabon. Il est rest\u00e9 en poste jusqu\u2019en 2015. Le travail qu\u2019il a abattu \u00e0 la t\u00eate des instances d\u00e9cisionnelles de ces diff\u00e9rentes structures\u00a0nationales et internationales lui a valu la reconnaissance de ses pairs. En 2020 et en 2017 il figurait notamment dans la liste des 100 personnalit\u00e9s qui transforment l\u2019Afrique \u00e9tablie par le mensuel des affaires Financial Afrik.<\/p>\n<p><strong>Lire aussi : <a href=\"https:\/\/ecomatin.net\/la-bdeac-recherche-un-statut-t-dobservateurr-a-lunion-africaine\/\">La Bdeac recherche un statut d\u2019observateur \u00e0 l\u2019Union Africaine<\/a><\/strong><\/p>\n<p>Avant de tutoyer le sommet au niveau continental, Jean Claude Ngbwa. a tout d\u2019abord d\u00fb faire ses preuves au niveau national. Apr\u00e8s l\u2019obtention de dipl\u00f4me d\u2019inspecteur du Tr\u00e9sor \u00e0 l\u2019\u00c9cole nationale d\u2019administration et de magistrature (Enam), en 1983, il a commenc\u00e9 sa carri\u00e8re au minist\u00e8re des Finances. Il a ensuite s\u00e9journ\u00e9 \u00e0 l\u2019Office national pharmaceutique et au minist\u00e8re des Travaux publics. Puis, en 2002, il est revenu dans son administration d\u2019origine comme directeur des contr\u00f4les \u00e9conomiques et des finances, participant ainsi \u00e0 la mise en place du march\u00e9 financier.<\/p>\n<p>L\u2019article <a rel=\"nofollow\" href=\"https:\/\/ecomatin.net\/presidence-de-la-bdeac-la-bataille-des-s-favoris\/\">Pr\u00e9sidence de la Bdeac : la bataille des favoris\u00a0<\/a> est apparu en premier sur <a rel=\"nofollow\" href=\"https:\/\/ecomatin.net\/\">EcoMatin<\/a>.<\/p>\n<\/div>\n<p>Auteur: EcoMatin<br \/>\n<a href=\"https:\/\/ecomatin.net\/presidence-de-la-bdeac-la-bataille-des-s-favoris\/\">Cliquez ici pour lire l&rsquo;article depuis sa source.<\/a><\/p>\n","protected":false},"excerpt":{"rendered":"<p>Dieudonn\u00e9 Mevou Ekou, le favori Si le nouveau pr\u00e9sident de la Bdeac devait gagner sa place \u00e0 l\u2019issue d\u2019une course hippique, le cheval sur lequel tout parieur avertit devrait placer sa mise serait celui de Dieudonn\u00e9 Mevou Ekou. Le neveu du Pr\u00e9sident de la R\u00e9publique (ce qui est un atout \u00e0 ne pas n\u00e9gliger) a [&hellip;]<\/p>\n","protected":false},"author":1969,"featured_media":0,"comment_status":"closed","ping_status":"closed","sticky":false,"template":"","format":"standard","meta":{"fifu_image_url":"https:\/\/ecomatin.net\/wp-content\/uploads\/2022\/03\/WhatsApp-Image-2022-03-14-at-16.08.23-1.jpeg","fifu_image_alt":"Pr\u00e9sidence de la Bdeac : la bataille des favoris\u00a0","footnotes":""},"categories":[82,78],"tags":[],"class_list":["post-143128","post","type-post","status-publish","format-standard","hentry","category-cameroun","category-economie"],"_links":{"self":[{"href":"https:\/\/linitiative.ca\/International\/wp-json\/wp\/v2\/posts\/143128","targetHints":{"allow":["GET"]}}],"collection":[{"href":"https:\/\/linitiative.ca\/International\/wp-json\/wp\/v2\/posts"}],"about":[{"href":"https:\/\/linitiative.ca\/International\/wp-json\/wp\/v2\/types\/post"}],"author":[{"embeddable":true,"href":"https:\/\/linitiative.ca\/International\/wp-json\/wp\/v2\/users\/1969"}],"replies":[{"embeddable":true,"href":"https:\/\/linitiative.ca\/International\/wp-json\/wp\/v2\/comments?post=143128"}],"version-history":[{"count":0,"href":"https:\/\/linitiative.ca\/International\/wp-json\/wp\/v2\/posts\/143128\/revisions"}],"wp:attachment":[{"href":"https:\/\/linitiative.ca\/International\/wp-json\/wp\/v2\/media?parent=143128"}],"wp:term":[{"taxonomy":"category","embeddable":true,"href":"https:\/\/linitiative.ca\/International\/wp-json\/wp\/v2\/categories?post=143128"},{"taxonomy":"post_tag","embeddable":true,"href":"https:\/\/linitiative.ca\/International\/wp-json\/wp\/v2\/tags?post=143128"}],"curies":[{"name":"wp","href":"https:\/\/api.w.org\/{rel}","templated":true}]}}