{"id":14313,"date":"2019-02-14T14:18:06","date_gmt":"2019-02-14T19:18:06","guid":{"rendered":"https:\/\/linitiative.ca\/International\/lue-et-la-sadc-veulent-accelerer-leur-accord-de-partenariat-economique\/"},"modified":"2019-02-14T14:18:06","modified_gmt":"2019-02-14T19:18:06","slug":"lue-et-la-sadc-veulent-accelerer-leur-accord-de-partenariat-economique","status":"publish","type":"post","link":"https:\/\/linitiative.ca\/International\/lue-et-la-sadc-veulent-accelerer-leur-accord-de-partenariat-economique\/","title":{"rendered":"L\u2019UE et la SADC veulent acc\u00e9l\u00e9rer leur accord de partenariat \u00e9conomique"},"content":{"rendered":"<div readability=\"32\">\n<p>Publi\u00e9 le 14.02.2019 \u00e0 20h18 par APA News<\/p>\n<\/div>\n<div readability=\"49\">\n<p>Le ministre botswanais du Commerce et de l\u2019Industrie, Bogolo Kenewendo fait partie des officiels de la Communaut\u00e9 \u00e9conomique de l\u2019Afrique australe (Sadc, sigle anglais) attendus en Afrique du Sud pour participer \u00e0 la r\u00e9union du Conseil conjoint sur l\u2019Accord de partenariat \u00e9conomique entre l\u2019Union europ\u00e9enne et la Sadc pr\u00e9vue le 19 f\u00e9vrier, a appris APA jeudi d\u2019un communiqu\u00e9.La rencontre du Conseil sera pr\u00e9c\u00e9d\u00e9e d\u2019une r\u00e9union minist\u00e9rielle le 18 f\u00e9vrier.<\/p>\n<p>\u00abAfin d\u2019acc\u00e9l\u00e9rer la mise en \u0153uvre de l\u2019Accord de partenariat \u00e9conomique, le premier conseil conjoint, pr\u00e9vu doit examiner et adopter des questions institutionnelles relatives \u00e0 la mise en \u0153uvre de cet accord \u00bb, indique le communiqu\u00e9.<\/p>\n<p><ins data-revive-zoneid=\"9\" data-revive-id=\"10111e19d28d19d031742ee3b0b33eb0\"\/> <\/p>\n<p>Selon le document, la participation de Kenewendo est essentielle pour faire part de la position du Botswana sur l\u2019Accord de partenariat avec les deux blocs.<\/p>\n<\/div>\n<p>Auteur: APA News<br \/>\n<a href=\"https:\/\/www.journalducameroun.com\/lue-et-la-sadc-veulent-accelerer-leur-accord-de-partenariat-economique\/\">Cliquez ici pour lire l&rsquo;article depuis sa source.<\/a><\/p>\n","protected":false},"excerpt":{"rendered":"<p>Publi\u00e9 le 14.02.2019 \u00e0 20h18 par APA News Le ministre botswanais du Commerce et de l\u2019Industrie, Bogolo Kenewendo fait partie des officiels de la Communaut\u00e9 \u00e9conomique de l\u2019Afrique australe (Sadc, sigle anglais) attendus en Afrique du Sud pour participer \u00e0 la r\u00e9union du Conseil conjoint sur l\u2019Accord de partenariat \u00e9conomique entre l\u2019Union europ\u00e9enne et la [&hellip;]<\/p>\n","protected":false},"author":1965,"featured_media":0,"comment_status":"closed","ping_status":"closed","sticky":false,"template":"","format":"standard","meta":{"fifu_image_url":"","fifu_image_alt":"","footnotes":""},"categories":[73,82],"tags":[],"class_list":["post-14313","post","type-post","status-publish","format-standard","hentry","category-actualite","category-cameroun"],"_links":{"self":[{"href":"https:\/\/linitiative.ca\/International\/wp-json\/wp\/v2\/posts\/14313","targetHints":{"allow":["GET"]}}],"collection":[{"href":"https:\/\/linitiative.ca\/International\/wp-json\/wp\/v2\/posts"}],"about":[{"href":"https:\/\/linitiative.ca\/International\/wp-json\/wp\/v2\/types\/post"}],"author":[{"embeddable":true,"href":"https:\/\/linitiative.ca\/International\/wp-json\/wp\/v2\/users\/1965"}],"replies":[{"embeddable":true,"href":"https:\/\/linitiative.ca\/International\/wp-json\/wp\/v2\/comments?post=14313"}],"version-history":[{"count":0,"href":"https:\/\/linitiative.ca\/International\/wp-json\/wp\/v2\/posts\/14313\/revisions"}],"wp:attachment":[{"href":"https:\/\/linitiative.ca\/International\/wp-json\/wp\/v2\/media?parent=14313"}],"wp:term":[{"taxonomy":"category","embeddable":true,"href":"https:\/\/linitiative.ca\/International\/wp-json\/wp\/v2\/categories?post=14313"},{"taxonomy":"post_tag","embeddable":true,"href":"https:\/\/linitiative.ca\/International\/wp-json\/wp\/v2\/tags?post=14313"}],"curies":[{"name":"wp","href":"https:\/\/api.w.org\/{rel}","templated":true}]}}